{"id":60130,"date":"2021-01-16T13:46:24","date_gmt":"2021-01-16T19:46:24","guid":{"rendered":"http:\/\/globalnewsmexico.com\/sitio\/?p=60130"},"modified":"2021-01-16T13:46:29","modified_gmt":"2021-01-16T19:46:29","slug":"hospitalizan-a-leticia-calderon-tras-complicaciones-de-covid-19","status":"publish","type":"post","link":"https:\/\/globalnewsmexico.com\/sitio\/hospitalizan-a-leticia-calderon-tras-complicaciones-de-covid-19\/","title":{"rendered":"Hospitalizan a Leticia Calder\u00f3n tras complicaciones de Covid-19"},"content":{"rendered":"\n<p>Hace unos d\u00edas, Leticia Calder\u00f3n\u00a0inform\u00f3 a trav\u00e9s de un corto mensaje que en los primeros d\u00edas del 2021\u00a0se hab\u00eda contagiado de Covid-19, a pesar de que hab\u00eda seguido las medidas sanitarias correspondientes. Ahora,\u00a0la actriz confirm\u00f3 que fue necesario hospitalizarla debido a algunas complicaciones por la enfermedad.<\/p>\n\n\n\n<p>En Twitter, la actriz escribi\u00f3 un mensaje en el que mencion\u00f3 que se encuentra internada por complicaciones del Covid-19; sin embargo, recalc\u00f3 que est\u00e1 siendo atendida por un gran grupo de doctores.<\/p>\n\n\n\n<p>\u201cEstoy internada, pero muy bien atendida por un gran grupo m\u00e9dico. Esto es de paciencia y tiempo. Gracias a todos por su preocupaci\u00f3n\u201d, se lee en el tuit.<\/p>\n\n\n\n<figure class=\"wp-block-embed-twitter aligncenter wp-block-embed is-type-rich is-provider-twitter\"><div class=\"wp-block-embed__wrapper\">\nhttps:\/\/twitter.com\/letyca79\/status\/1350477292074635266\n<\/div><\/figure>\n\n\n\n<p>Hasta el momento\u00a0se desconoce en qu\u00e9 hospital se encuentra Leticia Calder\u00f3n\u00a0y las razones exactas por las que la actriz debi\u00f3 ser internada.<\/p>\n\n\n\n<p>Antes de que\u00a0la protagonista de\u00a0<em>Esmeralda<\/em>\u00a0informara que se encontraba en el hospital, la periodista\u00a0Addis Tu\u00f1on fue la primera en comunicar que Leticia Calder\u00f3n hab\u00eda ingresado al nosocomio\u00a0anoche.<\/p>\n\n\n\n<p>\u201cLa actriz Leticia Calder\u00f3n, quien hab\u00eda anunciado que contrajo covid-19 fue internada esta noche, seg\u00fan me inform\u00f3 ella misma. Oraciones y buena vibra para ella. Sus hijos est\u00e1n al cuidado de sus hermanos\u201d, confirm\u00f3 la periodista.<\/p>\n\n\n\n<p>En d\u00edas pasados,\u00a0Leticia Calder\u00f3n a trav\u00e9s de Twitter escribi\u00f3 que ella y miembros de su familia hab\u00edan dado positivo a la prueba de Covid-19, por lo que le ped\u00eda a sus seguidores oraciones para poder recuperarse.<\/p>\n\n\n\n<p>\u201cCorazones, no inicie este a\u00f1o c\u00f3mo me hubiera gustado. Pese a todos los cuidados varios miembros de mi familia, incluy\u00e9ndome, fuimos alcanzados por esta enfermedad, por lo que les pido nos incluyan en sus oraciones. Gracias\u201d.<\/p>\n\n\n\n<p>Fuente: Milenio<\/p>\n","protected":false},"excerpt":{"rendered":"<p>Hace unos d\u00edas, Leticia Calder\u00f3n\u00a0inform\u00f3 a trav\u00e9s de un corto mensaje que en los primeros d\u00edas del 2021\u00a0se hab\u00eda contagiado de Covid-19, a pesar de que hab\u00eda seguido las medidas sanitarias correspondientes. Ahora,\u00a0la actriz confirm\u00f3 que fue necesario hospitalizarla debido a algunas complicaciones por la enfermedad. En Twitter, la actriz escribi\u00f3 un mensaje en el<a class=\"read-more\" href=\"https:\/\/globalnewsmexico.com\/sitio\/hospitalizan-a-leticia-calderon-tras-complicaciones-de-covid-19\/\">Leer m\u00e1s<\/a><\/p>\n","protected":false},"author":5,"featured_media":60131,"comment_status":"closed","ping_status":"open","sticky":false,"template":"","format":"standard","meta":{"spay_email":"","footnotes":""},"categories":[37,8,49,52],"tags":[],"jetpack_featured_media_url":"https:\/\/i2.wp.com\/globalnewsmexico.com\/sitio\/wp-content\/uploads\/2021\/01\/la-actriz-confirmo-la-noticia.jpg?fit=958%2C596&ssl=1","jetpack_sharing_enabled":true,"jetpack_shortlink":"https:\/\/wp.me\/p9yqPL-fDQ","jetpack_likes_enabled":true,"_links":{"self":[{"href":"https:\/\/globalnewsmexico.com\/sitio\/wp-json\/wp\/v2\/posts\/60130"}],"collection":[{"href":"https:\/\/globalnewsmexico.com\/sitio\/wp-json\/wp\/v2\/posts"}],"about":[{"href":"https:\/\/globalnewsmexico.com\/sitio\/wp-json\/wp\/v2\/types\/post"}],"author":[{"embeddable":true,"href":"https:\/\/globalnewsmexico.com\/sitio\/wp-json\/wp\/v2\/users\/5"}],"replies":[{"embeddable":true,"href":"https:\/\/globalnewsmexico.com\/sitio\/wp-json\/wp\/v2\/comments?post=60130"}],"version-history":[{"count":0,"href":"https:\/\/globalnewsmexico.com\/sitio\/wp-json\/wp\/v2\/posts\/60130\/revisions"}],"wp:featuredmedia":[{"embeddable":true,"href":"https:\/\/globalnewsmexico.com\/sitio\/wp-json\/wp\/v2\/media\/60131"}],"wp:attachment":[{"href":"https:\/\/globalnewsmexico.com\/sitio\/wp-json\/wp\/v2\/media?parent=60130"}],"wp:term":[{"taxonomy":"category","embeddable":true,"href":"https:\/\/globalnewsmexico.com\/sitio\/wp-json\/wp\/v2\/categories?post=60130"},{"taxonomy":"post_tag","embeddable":true,"href":"https:\/\/globalnewsmexico.com\/sitio\/wp-json\/wp\/v2\/tags?post=60130"}],"curies":[{"name":"wp","href":"https:\/\/api.w.org\/{rel}","templated":true}]}}