{"id":60163,"date":"2021-01-16T22:55:59","date_gmt":"2021-01-17T04:55:59","guid":{"rendered":"http:\/\/globalnewsmexico.com\/sitio\/?p=60163"},"modified":"2021-01-16T22:56:10","modified_gmt":"2021-01-17T04:56:10","slug":"cardenal-norberto-rivera-carrera-es-hospitalizado-tras-dar-positivo-a-covid-19","status":"publish","type":"post","link":"https:\/\/globalnewsmexico.com\/sitio\/cardenal-norberto-rivera-carrera-es-hospitalizado-tras-dar-positivo-a-covid-19\/","title":{"rendered":"Cardenal Norberto Rivera Carrera es hospitalizado tras dar positivo a Covid-19"},"content":{"rendered":"\n<p>El cardenal\u00a0Norberto Rivera Carrera\u00a0fue hospitalizado tras haber dado positivo a Covid-19, inform\u00f3 la\u00a0Arquidi\u00f3cesis Primada de M\u00e9xico.<\/p>\n\n\n\n<p>A trav\u00e9s de un comunicado, la instituci\u00f3n indic\u00f3 que Rivera Carrera est\u00e1 siendo debidamente atendido y \u00ab\u00e9l mismo pide la oraci\u00f3n del pueblo de\u00a0Dios,\u00a0para hacer frente a esta situaci\u00f3n tan especial\u00bb.<\/p>\n\n\n\n<p>\u00abRoguemos a Nuestra Se\u00f1ora de Guadalupe por todos los enfermos,&nbsp;particularmente por aquellos que se encuentran afectados en esta situaci\u00f3n de&nbsp;pandemia\u00bb, indica la Arquidi\u00f3cesis.<\/p>\n\n\n\n<p>Fuente: Milenio<\/p>\n","protected":false},"excerpt":{"rendered":"<p>El cardenal\u00a0Norberto Rivera Carrera\u00a0fue hospitalizado tras haber dado positivo a Covid-19, inform\u00f3 la\u00a0Arquidi\u00f3cesis Primada de M\u00e9xico. A trav\u00e9s de un comunicado, la instituci\u00f3n indic\u00f3 que Rivera Carrera est\u00e1 siendo debidamente atendido y \u00ab\u00e9l mismo pide la oraci\u00f3n del pueblo de\u00a0Dios,\u00a0para hacer frente a esta situaci\u00f3n tan especial\u00bb. \u00abRoguemos a Nuestra Se\u00f1ora de Guadalupe por todos<a class=\"read-more\" href=\"https:\/\/globalnewsmexico.com\/sitio\/cardenal-norberto-rivera-carrera-es-hospitalizado-tras-dar-positivo-a-covid-19\/\">Leer m\u00e1s<\/a><\/p>\n","protected":false},"author":5,"featured_media":60164,"comment_status":"closed","ping_status":"open","sticky":false,"template":"","format":"standard","meta":{"spay_email":"","footnotes":""},"categories":[37,8,39,52],"tags":[],"jetpack_featured_media_url":"https:\/\/i2.wp.com\/globalnewsmexico.com\/sitio\/wp-content\/uploads\/2021\/01\/corte-otorga-amparo-abre-posibilidad-1.jpg?fit=958%2C596&ssl=1","jetpack_sharing_enabled":true,"jetpack_shortlink":"https:\/\/wp.me\/p9yqPL-fEn","jetpack_likes_enabled":true,"_links":{"self":[{"href":"https:\/\/globalnewsmexico.com\/sitio\/wp-json\/wp\/v2\/posts\/60163"}],"collection":[{"href":"https:\/\/globalnewsmexico.com\/sitio\/wp-json\/wp\/v2\/posts"}],"about":[{"href":"https:\/\/globalnewsmexico.com\/sitio\/wp-json\/wp\/v2\/types\/post"}],"author":[{"embeddable":true,"href":"https:\/\/globalnewsmexico.com\/sitio\/wp-json\/wp\/v2\/users\/5"}],"replies":[{"embeddable":true,"href":"https:\/\/globalnewsmexico.com\/sitio\/wp-json\/wp\/v2\/comments?post=60163"}],"version-history":[{"count":0,"href":"https:\/\/globalnewsmexico.com\/sitio\/wp-json\/wp\/v2\/posts\/60163\/revisions"}],"wp:featuredmedia":[{"embeddable":true,"href":"https:\/\/globalnewsmexico.com\/sitio\/wp-json\/wp\/v2\/media\/60164"}],"wp:attachment":[{"href":"https:\/\/globalnewsmexico.com\/sitio\/wp-json\/wp\/v2\/media?parent=60163"}],"wp:term":[{"taxonomy":"category","embeddable":true,"href":"https:\/\/globalnewsmexico.com\/sitio\/wp-json\/wp\/v2\/categories?post=60163"},{"taxonomy":"post_tag","embeddable":true,"href":"https:\/\/globalnewsmexico.com\/sitio\/wp-json\/wp\/v2\/tags?post=60163"}],"curies":[{"name":"wp","href":"https:\/\/api.w.org\/{rel}","templated":true}]}}