{"id":60187,"date":"2021-01-18T12:10:00","date_gmt":"2021-01-18T18:10:00","guid":{"rendered":"http:\/\/globalnewsmexico.com\/sitio\/?p=60187"},"modified":"2021-01-18T12:10:11","modified_gmt":"2021-01-18T18:10:11","slug":"multihomicidio-de-las-choapas-no-quedara-impune-gobernador","status":"publish","type":"post","link":"https:\/\/globalnewsmexico.com\/sitio\/multihomicidio-de-las-choapas-no-quedara-impune-gobernador\/","title":{"rendered":"Multihomicidio de Las Choapas no quedar\u00e1 impune: gobernador"},"content":{"rendered":"\n<p>El gobernador de Veracruz, Cuitl\u00e1huac Garc\u00eda Jim\u00e9nez, asegur\u00f3 que el homicidio de 12 personas en Las Choapas, ocurrido la noche del domingo, no quedar\u00e1 impune.<\/p>\n\n\n\n<p>Lo anterior lo inform\u00f3 a trav\u00e9s del siguiente comunicado, publicado en sus redes sociales.<\/p>\n\n\n\n<p>\u00abAl iniciar la COESCONPAZ por la ma\u00f1ana lo primero que se plante\u00f3 fue atender la problem\u00e1tica ante lo sucedido en el multihomicidio en el sur del estado.<\/p>\n\n\n\n<p>No permitiremos que hechos tan lamentables como el sucedido en una comunidad de Las Choapas, queden impunes. Las primeras indagaciones apuntan a que un mismo grupo de ganaderos y sus ayudantes en la zona entre Las Choapas y el Uxpanapa se dividieron.<\/p>\n\n\n\n<p>Los abusos y amenazas entre unos y otros provoc\u00f3 un enfrentamiento entre ellos y tuvo ese lamentable desenlace. Debe quedar muy claro: nunca podr\u00e1 hacerse justicia por propia mano ni ser\u00e1 la comisi\u00f3n de otros delitos la soluci\u00f3n a los problemas entre grupos.<\/p>\n\n\n\n<p>Reforzaremos la zona y no permitiremos venganzas. Se har\u00e1 justicia y colaboraremos con las instancias correspondientes tanto de procuraci\u00f3n de la justicia como del poder judicial al que exhortaremos a una actuaci\u00f3n pronta y expedita\u00bb.<\/p>\n","protected":false},"excerpt":{"rendered":"<p>El gobernador de Veracruz, Cuitl\u00e1huac Garc\u00eda Jim\u00e9nez, asegur\u00f3 que el homicidio de 12 personas en Las Choapas, ocurrido la noche del domingo, no quedar\u00e1 impune. Lo anterior lo inform\u00f3 a trav\u00e9s del siguiente comunicado, publicado en sus redes sociales. \u00abAl iniciar la COESCONPAZ por la ma\u00f1ana lo primero que se plante\u00f3 fue atender la problem\u00e1tica<a class=\"read-more\" href=\"https:\/\/globalnewsmexico.com\/sitio\/multihomicidio-de-las-choapas-no-quedara-impune-gobernador\/\">Leer m\u00e1s<\/a><\/p>\n","protected":false},"author":5,"featured_media":60188,"comment_status":"closed","ping_status":"open","sticky":false,"template":"","format":"standard","meta":{"spay_email":"","footnotes":""},"categories":[37,8,50,52],"tags":[],"jetpack_featured_media_url":"https:\/\/i1.wp.com\/globalnewsmexico.com\/sitio\/wp-content\/uploads\/2021\/01\/139953350_2070792733062540_7891241134909624516_o.jpg?fit=1280%2C852&ssl=1","jetpack_sharing_enabled":true,"jetpack_shortlink":"https:\/\/wp.me\/p9yqPL-fEL","jetpack_likes_enabled":true,"_links":{"self":[{"href":"https:\/\/globalnewsmexico.com\/sitio\/wp-json\/wp\/v2\/posts\/60187"}],"collection":[{"href":"https:\/\/globalnewsmexico.com\/sitio\/wp-json\/wp\/v2\/posts"}],"about":[{"href":"https:\/\/globalnewsmexico.com\/sitio\/wp-json\/wp\/v2\/types\/post"}],"author":[{"embeddable":true,"href":"https:\/\/globalnewsmexico.com\/sitio\/wp-json\/wp\/v2\/users\/5"}],"replies":[{"embeddable":true,"href":"https:\/\/globalnewsmexico.com\/sitio\/wp-json\/wp\/v2\/comments?post=60187"}],"version-history":[{"count":0,"href":"https:\/\/globalnewsmexico.com\/sitio\/wp-json\/wp\/v2\/posts\/60187\/revisions"}],"wp:featuredmedia":[{"embeddable":true,"href":"https:\/\/globalnewsmexico.com\/sitio\/wp-json\/wp\/v2\/media\/60188"}],"wp:attachment":[{"href":"https:\/\/globalnewsmexico.com\/sitio\/wp-json\/wp\/v2\/media?parent=60187"}],"wp:term":[{"taxonomy":"category","embeddable":true,"href":"https:\/\/globalnewsmexico.com\/sitio\/wp-json\/wp\/v2\/categories?post=60187"},{"taxonomy":"post_tag","embeddable":true,"href":"https:\/\/globalnewsmexico.com\/sitio\/wp-json\/wp\/v2\/tags?post=60187"}],"curies":[{"name":"wp","href":"https:\/\/api.w.org\/{rel}","templated":true}]}}