{"id":60216,"date":"2021-01-18T22:55:40","date_gmt":"2021-01-19T04:55:40","guid":{"rendered":"http:\/\/globalnewsmexico.com\/sitio\/?p=60216"},"modified":"2021-01-18T22:55:48","modified_gmt":"2021-01-19T04:55:48","slug":"pfizer-pospuso-al-15-de-febrero-entregas-de-vacuna-contra-covid-19","status":"publish","type":"post","link":"https:\/\/globalnewsmexico.com\/sitio\/pfizer-pospuso-al-15-de-febrero-entregas-de-vacuna-contra-covid-19\/","title":{"rendered":"Pfizer pospuso al 15 de febrero entregas de vacuna contra Covid-19"},"content":{"rendered":"\n<p>La Secretar\u00eda de Salud inform\u00f3 que la farmac\u00e9utica Pfizer\u00a0pospuso para el 15 de febrero la entrega de vacunas contra el Covid-19\u00a0que hab\u00edan sido programadas para finales de enero e inicios de febrero, por lo que en esa fecha habr\u00e1 un abastecimiento mayor.<\/p>\n\n\n\n<p>Hugo L\u00f3pez-Gatell, subsecretario de Salud, indic\u00f3 que una de las primeras consecuencias es que el embarque que llegar\u00e1 ma\u00f1ana, que ser\u00eda de alrededor de 439 mil vacunas, solo tendr\u00e1 219 mil 350 dosis, derivado del acuerdo con la ONU.<\/p>\n\n\n\n<p>\u201cEn este momento tenemos esta reducci\u00f3n al 50 por ciento y tendremos un diferimiento hasta el 15 de febrero, es decir, los embarques que estaban programados el 25 de enero, 2 de febrero y el 9 de febrero no llegar\u00e1n y llegar\u00e1n el 15 de febrero, pero habr\u00e1 una reposici\u00f3n. Estos abastecimientos llegar\u00e1n a un abastecimiento a\u00fan mayor el 15 de febrero, por lo que simplemente se retrasa.\u201d, explic\u00f3.<\/p>\n\n\n\n<p>El funcionario federal detall\u00f3 que el cambio en la entrega de vacunas se debe a que\u00a0Pfizer realiza una adaptaci\u00f3n tecnol\u00f3gica a su principal planta en B\u00e9lgica, lo que implica que tiene que parar m\u00e1quinas para hacer las adaptaciones f\u00edsicas a esa infraestructura; sin\u00a0embargo, una\u00a0vez terminadas, tendr\u00e1 una capacidad cuatro veces mayor de producci\u00f3n.<\/p>\n\n\n\n<p>\u201cPfizer est\u00e1 haciendo una adaptaci\u00f3n tecnol\u00f3gica a su principal planta en B\u00e9lgica, lo que implica que tiene que parar m\u00e1quinas para hacer las adaptaciones f\u00edsicas a esa infraestructura y, una vez que abran seg\u00fan el propio Pfizer, tendr\u00e1 una capacidad 4 veces mayor de producci\u00f3n. Es por eso que despu\u00e9s podr\u00e1 reponernos a nosotros y suponemos que a Covax y a otros pa\u00edses\u201d, indic\u00f3.<\/p>\n\n\n\n<p>Abund\u00f3 en que ma\u00f1ana se sabr\u00e1n las negociaciones que hoy emprendi\u00f3 el secretario de Hacienda, Arturo Herrera, con el gerente general de Pfizer, al respecto de la posibilidad de que no sean tres semanas de desabastecimiento, sino que pudi\u00e9ramos tener un poco anticipado el abastecimiento.<\/p>\n\n\n\n<p>\u201cYa saben en Pfizer cu\u00e1l es el planteamiento y ma\u00f1ana tendremos respuesta\u201d, afirm\u00f3.<\/p>\n\n\n\n<p>Fuente: Milenio<\/p>\n","protected":false},"excerpt":{"rendered":"<p>La Secretar\u00eda de Salud inform\u00f3 que la farmac\u00e9utica Pfizer\u00a0pospuso para el 15 de febrero la entrega de vacunas contra el Covid-19\u00a0que hab\u00edan sido programadas para finales de enero e inicios de febrero, por lo que en esa fecha habr\u00e1 un abastecimiento mayor. Hugo L\u00f3pez-Gatell, subsecretario de Salud, indic\u00f3 que una de las primeras consecuencias es<a class=\"read-more\" href=\"https:\/\/globalnewsmexico.com\/sitio\/pfizer-pospuso-al-15-de-febrero-entregas-de-vacuna-contra-covid-19\/\">Leer m\u00e1s<\/a><\/p>\n","protected":false},"author":5,"featured_media":60224,"comment_status":"closed","ping_status":"open","sticky":false,"template":"","format":"standard","meta":{"spay_email":"","footnotes":""},"categories":[37,8,39,52],"tags":[],"jetpack_featured_media_url":"https:\/\/i2.wp.com\/globalnewsmexico.com\/sitio\/wp-content\/uploads\/2021\/01\/vacuna-aprobada-proxima-semana-reino_16_0_1131_704.jpg?fit=958%2C596&ssl=1","jetpack_sharing_enabled":true,"jetpack_shortlink":"https:\/\/wp.me\/p9yqPL-fFe","jetpack_likes_enabled":true,"_links":{"self":[{"href":"https:\/\/globalnewsmexico.com\/sitio\/wp-json\/wp\/v2\/posts\/60216"}],"collection":[{"href":"https:\/\/globalnewsmexico.com\/sitio\/wp-json\/wp\/v2\/posts"}],"about":[{"href":"https:\/\/globalnewsmexico.com\/sitio\/wp-json\/wp\/v2\/types\/post"}],"author":[{"embeddable":true,"href":"https:\/\/globalnewsmexico.com\/sitio\/wp-json\/wp\/v2\/users\/5"}],"replies":[{"embeddable":true,"href":"https:\/\/globalnewsmexico.com\/sitio\/wp-json\/wp\/v2\/comments?post=60216"}],"version-history":[{"count":0,"href":"https:\/\/globalnewsmexico.com\/sitio\/wp-json\/wp\/v2\/posts\/60216\/revisions"}],"wp:featuredmedia":[{"embeddable":true,"href":"https:\/\/globalnewsmexico.com\/sitio\/wp-json\/wp\/v2\/media\/60224"}],"wp:attachment":[{"href":"https:\/\/globalnewsmexico.com\/sitio\/wp-json\/wp\/v2\/media?parent=60216"}],"wp:term":[{"taxonomy":"category","embeddable":true,"href":"https:\/\/globalnewsmexico.com\/sitio\/wp-json\/wp\/v2\/categories?post=60216"},{"taxonomy":"post_tag","embeddable":true,"href":"https:\/\/globalnewsmexico.com\/sitio\/wp-json\/wp\/v2\/tags?post=60216"}],"curies":[{"name":"wp","href":"https:\/\/api.w.org\/{rel}","templated":true}]}}