{"id":60252,"date":"2021-01-19T15:22:08","date_gmt":"2021-01-19T21:22:08","guid":{"rendered":"http:\/\/globalnewsmexico.com\/sitio\/?p=60252"},"modified":"2021-01-19T15:22:12","modified_gmt":"2021-01-19T21:22:12","slug":"congreso-de-michoacan-aprueba-uso-obligatorio-de-cubrebocas","status":"publish","type":"post","link":"https:\/\/globalnewsmexico.com\/sitio\/congreso-de-michoacan-aprueba-uso-obligatorio-de-cubrebocas\/","title":{"rendered":"Congreso de Michoac\u00e1n aprueba uso obligatorio de cubrebocas"},"content":{"rendered":"\n<p>El Congreso de Michoac\u00e1n aprob\u00f3 este martes el uso obligatorio de cubrebocas en espacios p\u00fablicos, como una medida que busca frenar los contagios de Covid-19 en la entidad.<\/p>\n\n\n\n<p>La iniciativa de ley fue presentada por el gobernador Silvano Aureoles, en la que se prev\u00e9n sanciones para quienes incumplan la disposici\u00f3n.<\/p>\n\n\n\n<p>Esta iniciativa con proyecto de decreto, por la que se expide la Ley que Regula el Uso de Cubrebocas en el Estado de Michoac\u00e1n de Oacampo, fue aprobada por mayor\u00eda relativa.<\/p>\n\n\n\n<p>La ley entrar\u00e1 en vigor al d\u00eda siguiente de su publicaci\u00f3n en el Peri\u00f3dico Oficial del Estado, por parte del Poder Ejecutivo de la entidad.<\/p>\n\n\n\n<p>Tras la aprobaci\u00f3n de la iniciativa que hace obligatorio el uso de cubrebocas en espacios p\u00fablicos, el mandatario michoacano reconoci\u00f3 esto como un \u201cpaso importante\u201d en el manejo de la crisis sanitaria.<\/p>\n\n\n\n<p>Fuente: La Voz de Michoac\u00e1n<\/p>\n","protected":false},"excerpt":{"rendered":"<p>El Congreso de Michoac\u00e1n aprob\u00f3 este martes el uso obligatorio de cubrebocas en espacios p\u00fablicos, como una medida que busca frenar los contagios de Covid-19 en la entidad. La iniciativa de ley fue presentada por el gobernador Silvano Aureoles, en la que se prev\u00e9n sanciones para quienes incumplan la disposici\u00f3n. Esta iniciativa con proyecto de<a class=\"read-more\" href=\"https:\/\/globalnewsmexico.com\/sitio\/congreso-de-michoacan-aprueba-uso-obligatorio-de-cubrebocas\/\">Leer m\u00e1s<\/a><\/p>\n","protected":false},"author":5,"featured_media":60253,"comment_status":"closed","ping_status":"open","sticky":false,"template":"","format":"standard","meta":{"spay_email":"","footnotes":""},"categories":[37,8,49,52],"tags":[],"jetpack_featured_media_url":"https:\/\/i2.wp.com\/globalnewsmexico.com\/sitio\/wp-content\/uploads\/2021\/01\/1140210.jpg?fit=1024%2C683&ssl=1","jetpack_sharing_enabled":true,"jetpack_shortlink":"https:\/\/wp.me\/p9yqPL-fFO","jetpack_likes_enabled":true,"_links":{"self":[{"href":"https:\/\/globalnewsmexico.com\/sitio\/wp-json\/wp\/v2\/posts\/60252"}],"collection":[{"href":"https:\/\/globalnewsmexico.com\/sitio\/wp-json\/wp\/v2\/posts"}],"about":[{"href":"https:\/\/globalnewsmexico.com\/sitio\/wp-json\/wp\/v2\/types\/post"}],"author":[{"embeddable":true,"href":"https:\/\/globalnewsmexico.com\/sitio\/wp-json\/wp\/v2\/users\/5"}],"replies":[{"embeddable":true,"href":"https:\/\/globalnewsmexico.com\/sitio\/wp-json\/wp\/v2\/comments?post=60252"}],"version-history":[{"count":0,"href":"https:\/\/globalnewsmexico.com\/sitio\/wp-json\/wp\/v2\/posts\/60252\/revisions"}],"wp:featuredmedia":[{"embeddable":true,"href":"https:\/\/globalnewsmexico.com\/sitio\/wp-json\/wp\/v2\/media\/60253"}],"wp:attachment":[{"href":"https:\/\/globalnewsmexico.com\/sitio\/wp-json\/wp\/v2\/media?parent=60252"}],"wp:term":[{"taxonomy":"category","embeddable":true,"href":"https:\/\/globalnewsmexico.com\/sitio\/wp-json\/wp\/v2\/categories?post=60252"},{"taxonomy":"post_tag","embeddable":true,"href":"https:\/\/globalnewsmexico.com\/sitio\/wp-json\/wp\/v2\/tags?post=60252"}],"curies":[{"name":"wp","href":"https:\/\/api.w.org\/{rel}","templated":true}]}}