{"id":60268,"date":"2021-01-19T22:55:46","date_gmt":"2021-01-20T04:55:46","guid":{"rendered":"http:\/\/globalnewsmexico.com\/sitio\/?p=60268"},"modified":"2021-01-19T22:55:50","modified_gmt":"2021-01-20T04:55:50","slug":"viaja-rumbo-a-mexico-avion-con-principio-activo-de-vacuna-contra-covid","status":"publish","type":"post","link":"https:\/\/globalnewsmexico.com\/sitio\/viaja-rumbo-a-mexico-avion-con-principio-activo-de-vacuna-contra-covid\/","title":{"rendered":"Viaja rumbo a M\u00e9xico avi\u00f3n con principio activo de vacuna contra covid"},"content":{"rendered":"\n<p>Esta noche viajan a la Ciudad de M\u00e9xico, procedentes de Argentina, los contenedores que transportan el principio activo de la vacuna contra el Covid-19 de la farmac\u00e9utica brit\u00e1nica AstraZeneca.<\/p>\n\n\n\n<p>En M\u00e9xico se realizar\u00e1 el proceso de terminado, envasado final y distribuci\u00f3n. La sustancia activa que se recibir\u00e1 equivale a 6 millones de dosis.<\/p>\n\n\n\n<p>Los contenedores son transportados a bordo del vuelo 29 de Aerom\u00e9xico, que parti\u00f3 a las 22 horas tiempo local\u00a0 del Aeropuerto Ezeiza en Buenos Aires y aterrizar\u00e1 en la Terminal 2 del Aeropuerto Internacional de la Ciudad de M\u00e9xico a las 04:12 horas de este mi\u00e9rcoles.<\/p>\n\n\n\n<p>La subsecretaria de Asuntos Multilaterales y Derechos Humanos de la Canciller\u00eda, Martha Delgado, comparti\u00f3 el video de la aerol\u00ednea mexicana donde se observa la salida de los contenedores de un almac\u00e9n y su ingreso a la zona de carga de la aeronave, un Boeing 787.<\/p>\n\n\n\n<p>Una vez en M\u00e9xico, los contenedores ser\u00e1n llevados bajo resguardo de las fuerzas armadas y el personal del Gobierno de M\u00e9xico a los laboratorios donde habr\u00e1 de procesarse el principio activo.<\/p>\n\n\n\n<p>En agosto del a\u00f1o pasado, M\u00e9xico y Argentina firmaron un acuerdo para trabajar en conjunto con la Fundacion Carlos Slim y los laboratorios AztraZeneca, en el desarrollo de la vacuna AZD1222 contra el Covid-19 que permitir\u00e1 proveer de entre 150 y 250 millones de dosis a los pa\u00edses de America Latina.<\/p>\n\n\n\n<p>Dicha fabricaci\u00f3n para abastecer a Am\u00e9rica Latina estar\u00e1 a cargo de Argentina mientras que M\u00e9xico realizar\u00e1 el empaque y distribuci\u00f3n.<\/p>\n\n\n\n<p>M\u00e9xico ha realizado un apartado por 77.4 millones de dosis de la AZD1222.<\/p>\n\n\n\n<p>Se estima que una vez que M\u00e9xico realice el empaque, la vacuna podr\u00eda distribuirse durante este mismo primer trimestre del a\u00f1o.<\/p>\n\n\n\n<p>Fuente: Exc\u00e9lsior<\/p>\n","protected":false},"excerpt":{"rendered":"<p>Esta noche viajan a la Ciudad de M\u00e9xico, procedentes de Argentina, los contenedores que transportan el principio activo de la vacuna contra el Covid-19 de la farmac\u00e9utica brit\u00e1nica AstraZeneca. En M\u00e9xico se realizar\u00e1 el proceso de terminado, envasado final y distribuci\u00f3n. La sustancia activa que se recibir\u00e1 equivale a 6 millones de dosis. Los contenedores<a class=\"read-more\" href=\"https:\/\/globalnewsmexico.com\/sitio\/viaja-rumbo-a-mexico-avion-con-principio-activo-de-vacuna-contra-covid\/\">Leer m\u00e1s<\/a><\/p>\n","protected":false},"author":5,"featured_media":60269,"comment_status":"closed","ping_status":"open","sticky":false,"template":"","format":"standard","meta":{"spay_email":"","footnotes":""},"categories":[37,8,39,52],"tags":[],"jetpack_featured_media_url":"https:\/\/i0.wp.com\/globalnewsmexico.com\/sitio\/wp-content\/uploads\/2021\/01\/2514861.jpg?fit=1024%2C768&ssl=1","jetpack_sharing_enabled":true,"jetpack_shortlink":"https:\/\/wp.me\/p9yqPL-fG4","jetpack_likes_enabled":true,"_links":{"self":[{"href":"https:\/\/globalnewsmexico.com\/sitio\/wp-json\/wp\/v2\/posts\/60268"}],"collection":[{"href":"https:\/\/globalnewsmexico.com\/sitio\/wp-json\/wp\/v2\/posts"}],"about":[{"href":"https:\/\/globalnewsmexico.com\/sitio\/wp-json\/wp\/v2\/types\/post"}],"author":[{"embeddable":true,"href":"https:\/\/globalnewsmexico.com\/sitio\/wp-json\/wp\/v2\/users\/5"}],"replies":[{"embeddable":true,"href":"https:\/\/globalnewsmexico.com\/sitio\/wp-json\/wp\/v2\/comments?post=60268"}],"version-history":[{"count":0,"href":"https:\/\/globalnewsmexico.com\/sitio\/wp-json\/wp\/v2\/posts\/60268\/revisions"}],"wp:featuredmedia":[{"embeddable":true,"href":"https:\/\/globalnewsmexico.com\/sitio\/wp-json\/wp\/v2\/media\/60269"}],"wp:attachment":[{"href":"https:\/\/globalnewsmexico.com\/sitio\/wp-json\/wp\/v2\/media?parent=60268"}],"wp:term":[{"taxonomy":"category","embeddable":true,"href":"https:\/\/globalnewsmexico.com\/sitio\/wp-json\/wp\/v2\/categories?post=60268"},{"taxonomy":"post_tag","embeddable":true,"href":"https:\/\/globalnewsmexico.com\/sitio\/wp-json\/wp\/v2\/tags?post=60268"}],"curies":[{"name":"wp","href":"https:\/\/api.w.org\/{rel}","templated":true}]}}