{"id":60350,"date":"2021-01-21T10:50:09","date_gmt":"2021-01-21T16:50:09","guid":{"rendered":"http:\/\/globalnewsmexico.com\/sitio\/?p=60350"},"modified":"2021-01-21T10:50:14","modified_gmt":"2021-01-21T16:50:14","slug":"ataque-suicida-deja-al-menos-32-muertos-y-110-heridos-en-mercado-de-bagdad","status":"publish","type":"post","link":"https:\/\/globalnewsmexico.com\/sitio\/ataque-suicida-deja-al-menos-32-muertos-y-110-heridos-en-mercado-de-bagdad\/","title":{"rendered":"Ataque suicida deja al menos 32 muertos y 110 heridos en mercado de Bagdad"},"content":{"rendered":"\n<p>Al menos\u00a032 personas murieron y otras 110 resultaron heridas\u00a0hoy, en lo que ha sido calificado por las autoridades como \u00abun ataque terrorista suicida\u00bb que tuvo lugar en la c\u00e9ntrica plaza de Al Tayaran de Bagdad, en Irak, donde se registraron dos explosiones en un mercado, seg\u00fan el \u00faltimo recuento del Ministerio de Salud de ese pa\u00eds.<\/p>\n\n\n\n<p>A trav\u00e9s de un comunicado emitido por su oficina, el ministro de Salud de Irak, Hasan Mohamed al Tamimi, confirm\u00f3 el n\u00famero de v\u00edctimas en el que\u00a0dos atacantes se hicieron explotar en un mercado\u00a0popular de ropa usada en la plaza Al Tayaran.<\/p>\n\n\n\n<p>Una fuente del Ministerio de Interior iraqu\u00ed, que pidi\u00f3 el anonimato, dijo que dos terroristas suicidas se hicieron explotar con\u00a0\u00abun cintur\u00f3n explosivo y un artefacto casero\u00bb\u00a0en el mismo mercado, y asegur\u00f3 que algunos de los heridos est\u00e1n en estado cr\u00edtico, por lo cual la cifra de muertos podr\u00eda aumentar.<\/p>\n\n\n\n<p>Mientras, el representante de las Fuerzas Armadas iraqu\u00edes, Yahia Rasul, afirm\u00f3 en un breve comunicado que lo ocurrido hoy es un \u00abataque terrorista perpetrado por dos terroristas suicidas que se hicieron explotar\u00a0cuando las fuerzas de seguridad les persegu\u00edan\u00bb en la zona de Bab al Sharqi, en el centro de la capital.<\/p>\n\n\n\n<p>Por su parte, el Ministerio de Salud iraqu\u00ed dijo en otro comunicado que las fuerzas de seguridad aplicaron medidas estrictas en el per\u00edmetro de la zona, al tiempo que las ambulancias trasladaron a las v\u00edctimas a los hospitales cercanos.<\/p>\n\n\n\n<p>Este atentado fue condenado por el presidente de Irak, Barham Saleh, que escribi\u00f3 en Twitter que las autoridades est\u00e1n \u00abplantando cara con firmeza a estos intentos de desestabilizar el pa\u00eds\u00bb y atribuy\u00f3 la autor\u00eda del ataque a \u00abgrupos oscuros\u00bb.<\/p>\n\n\n\n<p>La misi\u00f3n de las Naciones Unidas en Irak (UNAMI) tambi\u00e9n conden\u00f3 este \u00abacto despreciable\u00bb, de la misma forma que lo hicieron varios pa\u00edses como Emiratos \u00c1rabes Unidos, Jordania, Catar o Bar\u00e9in.<\/p>\n\n\n\n<p>Desde hac\u00eda tiempo el centro de Bagdad no era escenario de un ataque terrorista de estas caracter\u00edsticas, que eran muy comunes en los a\u00f1os pasados, especialmente durante y despu\u00e9s de la invasi\u00f3n estadounidense entre 2003 y 2011, y sol\u00edan ser reivindicados por el grupo terrorista Estado Isl\u00e1mico (EI) antes de su derrota territorial en el pa\u00eds en 2017.<\/p>\n\n\n\n<p>El \u00faltimo ataque suicida en la capital ocurri\u00f3 en mayo de 2019, cuando ocho personas murieron y 15 resultaron heridas despu\u00e9s de que un terrorista suicida hiciera explotar su cintur\u00f3n en un mercado popular del barrio de Ciudad Sadr, en el este de Bagdad y cuya poblaci\u00f3n es mayoritariamente chi\u00ed.<\/p>\n\n\n\n<h2 class=\"wp-block-heading\">\u200bPapa Francisco condena \u00abacto de crueldad\u00bb<\/h2>\n\n\n\n<p>El papa Francisco rechaz\u00f3 la violencia desatada hoy, esto luego de que el secretario de Estado del Vaticano,&nbsp;el&nbsp;cardenal Pietro Parolin, enviara un&nbsp;telegrama en nombre del l\u00edder de la Iglesia cat\u00f3lica al presidente iraqu\u00ed.<\/p>\n\n\n\n<p>Est\u00e1 previsto que el papa que viaje a Irak del 5 al 8 de marzo y visite, adem\u00e1s de Bagdad, otras importantes ciudades del pa\u00eds como Erbil, Mosul y Qaraqosh.<\/p>\n\n\n\n<p>El pont\u00edfice deplor\u00f3 \u00abeste acto de crueldad sin sentido\u00bb y dijo que \u00abreza por las v\u00edctimas y sus familiares, por los heridos y por el personal llamado a gestionar la emergencia\u00bb.<\/p>\n\n\n\n<p>Tambi\u00e9n confi\u00f3 \u00aben que todo seguir\u00e1 funcionando para vencer la violencia con la fraternidad, la solidaridad y la paz\u00bb.<\/p>\n\n\n\n<p>Fuente: Agencias<\/p>\n","protected":false},"excerpt":{"rendered":"<p>Al menos\u00a032 personas murieron y otras 110 resultaron heridas\u00a0hoy, en lo que ha sido calificado por las autoridades como \u00abun ataque terrorista suicida\u00bb que tuvo lugar en la c\u00e9ntrica plaza de Al Tayaran de Bagdad, en Irak, donde se registraron dos explosiones en un mercado, seg\u00fan el \u00faltimo recuento del Ministerio de Salud de ese<a class=\"read-more\" href=\"https:\/\/globalnewsmexico.com\/sitio\/ataque-suicida-deja-al-menos-32-muertos-y-110-heridos-en-mercado-de-bagdad\/\">Leer m\u00e1s<\/a><\/p>\n","protected":false},"author":5,"featured_media":60351,"comment_status":"closed","ping_status":"open","sticky":false,"template":"","format":"standard","meta":{"spay_email":"","footnotes":""},"categories":[37,8,48,52],"tags":[],"jetpack_featured_media_url":"https:\/\/i2.wp.com\/globalnewsmexico.com\/sitio\/wp-content\/uploads\/2021\/01\/ataque-irak-ocurrio-mercado-ropa_0_27_1200_746.jpg?fit=958%2C596&ssl=1","jetpack_sharing_enabled":true,"jetpack_shortlink":"https:\/\/wp.me\/p9yqPL-fHo","jetpack_likes_enabled":true,"_links":{"self":[{"href":"https:\/\/globalnewsmexico.com\/sitio\/wp-json\/wp\/v2\/posts\/60350"}],"collection":[{"href":"https:\/\/globalnewsmexico.com\/sitio\/wp-json\/wp\/v2\/posts"}],"about":[{"href":"https:\/\/globalnewsmexico.com\/sitio\/wp-json\/wp\/v2\/types\/post"}],"author":[{"embeddable":true,"href":"https:\/\/globalnewsmexico.com\/sitio\/wp-json\/wp\/v2\/users\/5"}],"replies":[{"embeddable":true,"href":"https:\/\/globalnewsmexico.com\/sitio\/wp-json\/wp\/v2\/comments?post=60350"}],"version-history":[{"count":0,"href":"https:\/\/globalnewsmexico.com\/sitio\/wp-json\/wp\/v2\/posts\/60350\/revisions"}],"wp:featuredmedia":[{"embeddable":true,"href":"https:\/\/globalnewsmexico.com\/sitio\/wp-json\/wp\/v2\/media\/60351"}],"wp:attachment":[{"href":"https:\/\/globalnewsmexico.com\/sitio\/wp-json\/wp\/v2\/media?parent=60350"}],"wp:term":[{"taxonomy":"category","embeddable":true,"href":"https:\/\/globalnewsmexico.com\/sitio\/wp-json\/wp\/v2\/categories?post=60350"},{"taxonomy":"post_tag","embeddable":true,"href":"https:\/\/globalnewsmexico.com\/sitio\/wp-json\/wp\/v2\/tags?post=60350"}],"curies":[{"name":"wp","href":"https:\/\/api.w.org\/{rel}","templated":true}]}}