{"id":60427,"date":"2021-01-22T15:23:44","date_gmt":"2021-01-22T21:23:44","guid":{"rendered":"http:\/\/globalnewsmexico.com\/sitio\/?p=60427"},"modified":"2021-01-22T15:23:49","modified_gmt":"2021-01-22T21:23:49","slug":"san-luis-potosi-regresa-a-semaforo-rojo-por-covid-19","status":"publish","type":"post","link":"https:\/\/globalnewsmexico.com\/sitio\/san-luis-potosi-regresa-a-semaforo-rojo-por-covid-19\/","title":{"rendered":"San Luis Potos\u00ed regresa a sem\u00e1foro rojo por Covid-19"},"content":{"rendered":"\n<p>A partir del lunes, San Luis Potos\u00ed regresa al sem\u00e1foro rojo por Covid-19, por lo que aplicar\u00e1 nuevamente las medidas sanitarias necesarias para reducir los contagios.\u00a0<\/p>\n\n\n\n<p>El estado acumula 45 mil 012 contagios y 3 mil 770 defunciones; hoy se confirmaron\u00a0308 nuevos contagios y 20 defunciones, adem\u00e1s de que fueron reportadas 697 personas hospitalizadas, de las cuales 365 son casos graves y 89 est\u00e1n intubadas.<\/p>\n\n\n\n<p>El regreso a sem\u00e1foro rojo indica que la entidad se encuentra en\u00a0riesgo m\u00e1ximo\u00a0de contraer el virus, por lo que ser\u00e1n aplicadas las siguientes medidas:<\/p>\n\n\n\n<ul><li>Incremento de la capacidad de atenci\u00f3n m\u00e9dica y sanitaria.<\/li><li>Instalaci\u00f3n de filtros de informaci\u00f3n, sensibilizaci\u00f3n y detecci\u00f3n de casos sospechosos.<\/li><li>Medidas restrictivas para reducir la movilidad social y contagios.<\/li><\/ul>\n\n\n\n<p>Asimismo, se\u00a0incrementar\u00e1 el n\u00famero de camas\u00a0en Matehuala, Ciudad Valles, Tamazunchale y la zona metropolitana, para alcanzar un total de 179 camas. Las autoridades afirmaron que, dentro de las medidas urgentes, se encuentra el\u00a0garantizar insumos\u00a0como medicamentos y ox\u00edgeno.<\/p>\n\n\n\n<p>Ser\u00e1 fortalecido el equipamiento, con m\u00e1s camas y ventiladores; aumentar\u00e1n los m\u00e9dicos y enfermeras y un habr\u00e1 un mayor n\u00famero de pruebas de diagn\u00f3stico disponibles.<\/p>\n\n\n\n<p>En las avenidas, se implementar\u00e1 un operativo especial, con el objetivo de\u00a0reducir la movilidad\u00a0de las personas y realizar b\u00fasquedas intencionadas de casos sospechosos de Covid-19.<\/p>\n\n\n\n<p>Se aplicar\u00e1n restricciones de aforo y horarios en\u00a0restaurantes y cafeter\u00edas: solo se permitir\u00e1 un aforo del 30 por ciento, deber\u00e1n cerrar a las 18:00 horas y promover el servicio a domicilio.<\/p>\n\n\n\n<p>Los mercados, supermercados, tiendas de conveniencia y abarrotes podr\u00e1n ofrecer servicio hasta las 18:00 horas y solo deber\u00e1 ingresar una persona por familia, con cubrebocas y manteniendo la sana distancia.<\/p>\n\n\n\n<p>Adem\u00e1s, quedan\u00a0suspendidas actividades\u00a0en plazas p\u00fablicas, centros religiosos, salones de eventos sociales, canchas deportivas, cines, teatros y museos, eventos masivos, centros nocturnos y parajes tur\u00edsticos o balnearios.<\/p>\n\n\n\n<p>Fuente: Milenio<\/p>\n","protected":false},"excerpt":{"rendered":"<p>A partir del lunes, San Luis Potos\u00ed regresa al sem\u00e1foro rojo por Covid-19, por lo que aplicar\u00e1 nuevamente las medidas sanitarias necesarias para reducir los contagios.\u00a0 El estado acumula 45 mil 012 contagios y 3 mil 770 defunciones; hoy se confirmaron\u00a0308 nuevos contagios y 20 defunciones, adem\u00e1s de que fueron reportadas 697 personas hospitalizadas, de<a class=\"read-more\" href=\"https:\/\/globalnewsmexico.com\/sitio\/san-luis-potosi-regresa-a-semaforo-rojo-por-covid-19\/\">Leer m\u00e1s<\/a><\/p>\n","protected":false},"author":5,"featured_media":54162,"comment_status":"closed","ping_status":"open","sticky":false,"template":"","format":"standard","meta":{"spay_email":"","footnotes":""},"categories":[37,8,39,52],"tags":[],"jetpack_featured_media_url":"https:\/\/i2.wp.com\/globalnewsmexico.com\/sitio\/wp-content\/uploads\/2020\/09\/coronavirus-leon-septiembre-foto-jorge-3_0_20_876_544.jpg?fit=958%2C596&ssl=1","jetpack_sharing_enabled":true,"jetpack_shortlink":"https:\/\/wp.me\/p9yqPL-fID","jetpack_likes_enabled":true,"_links":{"self":[{"href":"https:\/\/globalnewsmexico.com\/sitio\/wp-json\/wp\/v2\/posts\/60427"}],"collection":[{"href":"https:\/\/globalnewsmexico.com\/sitio\/wp-json\/wp\/v2\/posts"}],"about":[{"href":"https:\/\/globalnewsmexico.com\/sitio\/wp-json\/wp\/v2\/types\/post"}],"author":[{"embeddable":true,"href":"https:\/\/globalnewsmexico.com\/sitio\/wp-json\/wp\/v2\/users\/5"}],"replies":[{"embeddable":true,"href":"https:\/\/globalnewsmexico.com\/sitio\/wp-json\/wp\/v2\/comments?post=60427"}],"version-history":[{"count":0,"href":"https:\/\/globalnewsmexico.com\/sitio\/wp-json\/wp\/v2\/posts\/60427\/revisions"}],"wp:featuredmedia":[{"embeddable":true,"href":"https:\/\/globalnewsmexico.com\/sitio\/wp-json\/wp\/v2\/media\/54162"}],"wp:attachment":[{"href":"https:\/\/globalnewsmexico.com\/sitio\/wp-json\/wp\/v2\/media?parent=60427"}],"wp:term":[{"taxonomy":"category","embeddable":true,"href":"https:\/\/globalnewsmexico.com\/sitio\/wp-json\/wp\/v2\/categories?post=60427"},{"taxonomy":"post_tag","embeddable":true,"href":"https:\/\/globalnewsmexico.com\/sitio\/wp-json\/wp\/v2\/tags?post=60427"}],"curies":[{"name":"wp","href":"https:\/\/api.w.org\/{rel}","templated":true}]}}