{"id":60466,"date":"2021-01-23T13:18:48","date_gmt":"2021-01-23T19:18:48","guid":{"rendered":"http:\/\/globalnewsmexico.com\/sitio\/?p=60466"},"modified":"2021-01-23T13:18:59","modified_gmt":"2021-01-23T19:18:59","slug":"en-llamada-amlo-y-biden-acordaron-detener-migracion-hacia-mexico-y-ee-uu-casa-blanca","status":"publish","type":"post","link":"https:\/\/globalnewsmexico.com\/sitio\/en-llamada-amlo-y-biden-acordaron-detener-migracion-hacia-mexico-y-ee-uu-casa-blanca\/","title":{"rendered":"En llamada, AMLO y Biden acordaron detener migraci\u00f3n hacia M\u00e9xico y EE. UU.: Casa Blanca"},"content":{"rendered":"\n<p>El presidente de Estados Unidos,\u00a0Joe Biden, y su hom\u00f3logo de M\u00e9xico,\u00a0Andr\u00e9s Manuel L\u00f3pez Obrador, sostuvieron anoche una llamada en la que acordaron trabajar en coordinaci\u00f3n para\u00a0detener la migraci\u00f3n irregular hacia ambos pa\u00edse<strong>s<\/strong>, inform\u00f3 la Casa Blanca.<\/p>\n\n\n\n<p>En un comunicado, indic\u00f3 que la llamada se realiz\u00f3 con la finalidad de\u00a0\u00a0revisar la cooperaci\u00f3n bilateral en varios temas, pero en particular la migraci\u00f3n regional.<\/p>\n\n\n\n<p>Detall\u00f3 que el presidente\u00a0Biden describi\u00f3 su plan para reducir la migraci\u00f3n\u00a0abordando sus causas fundamentales, aumentando la capacidad de reasentamiento y las v\u00edas de inmigraci\u00f3n alternativas legales.<\/p>\n\n\n\n<p>Asimismo, buscar\u00e1 mejorar el procesamiento en la frontera para\u00a0adjudicar solicitudes de asilo\u00a0y revirtiendo las pol\u00edticas de inmigraci\u00f3n implementadas por la administraci\u00f3n anterior, encabezada por\u00a0Donald Trump.\u00a0<\/p>\n\n\n\n<p>Por ello, ambos l\u00edderes acordaron trabajar en estrecha colaboraci\u00f3n para detener el flujo de migraci\u00f3n irregular hacia M\u00e9xico y Estados Unidos, as\u00ed como para promover el desarrollo en el Tri\u00e1ngulo Norte de Centroam\u00e9rica.<\/p>\n\n\n\n<p>Destac\u00f3 que tambi\u00e9n reconocieron la importancia de la coordinaci\u00f3n para combatir la pandemia de Covid-19.<img decoding=\"async\" src=\"https:\/\/i2.wp.com\/www.milenio.com\/uploads\/media\/2021\/01\/23\/casa-blanca-llamada-biden-amlo.jpeg?w=800&#038;ssl=1\" alt=\"\" data-recalc-dims=\"1\"><\/p>\n\n\n\n<p>En su cuenta de Twitter, L\u00f3pez Obrador asegur\u00f3 que Biden&nbsp;fue amable y respetuoso\u00bb durante el di\u00e1logo que mantuvieron junto con Marcelo Ebrard, secretario de Relaciones Exteriores y Alfonso Romo.&nbsp;<\/p>\n\n\n\n<p>Y\u00a0augur\u00f3 que todo indica que la relaci\u00f3n entre el presidente de Estados Unidos, Joe Biden, y M\u00e9xico ser\u00e1 buena por el bien de las dos naciones.<\/p>\n\n\n\n<p>Fuente: Milenio<\/p>\n","protected":false},"excerpt":{"rendered":"<p>El presidente de Estados Unidos,\u00a0Joe Biden, y su hom\u00f3logo de M\u00e9xico,\u00a0Andr\u00e9s Manuel L\u00f3pez Obrador, sostuvieron anoche una llamada en la que acordaron trabajar en coordinaci\u00f3n para\u00a0detener la migraci\u00f3n irregular hacia ambos pa\u00edses, inform\u00f3 la Casa Blanca. En un comunicado, indic\u00f3 que la llamada se realiz\u00f3 con la finalidad de\u00a0\u00a0revisar la cooperaci\u00f3n bilateral en varios temas,<a class=\"read-more\" href=\"https:\/\/globalnewsmexico.com\/sitio\/en-llamada-amlo-y-biden-acordaron-detener-migracion-hacia-mexico-y-ee-uu-casa-blanca\/\">Leer m\u00e1s<\/a><\/p>\n","protected":false},"author":5,"featured_media":60467,"comment_status":"closed","ping_status":"open","sticky":false,"template":"","format":"standard","meta":{"spay_email":"","footnotes":""},"categories":[37,8,48,52],"tags":[],"jetpack_featured_media_url":"https:\/\/i2.wp.com\/globalnewsmexico.com\/sitio\/wp-content\/uploads\/2021\/01\/joe-biden-regresa-eu-paris_26_0_578_360.jpg?fit=958%2C596&ssl=1","jetpack_sharing_enabled":true,"jetpack_shortlink":"https:\/\/wp.me\/p9yqPL-fJg","jetpack_likes_enabled":true,"_links":{"self":[{"href":"https:\/\/globalnewsmexico.com\/sitio\/wp-json\/wp\/v2\/posts\/60466"}],"collection":[{"href":"https:\/\/globalnewsmexico.com\/sitio\/wp-json\/wp\/v2\/posts"}],"about":[{"href":"https:\/\/globalnewsmexico.com\/sitio\/wp-json\/wp\/v2\/types\/post"}],"author":[{"embeddable":true,"href":"https:\/\/globalnewsmexico.com\/sitio\/wp-json\/wp\/v2\/users\/5"}],"replies":[{"embeddable":true,"href":"https:\/\/globalnewsmexico.com\/sitio\/wp-json\/wp\/v2\/comments?post=60466"}],"version-history":[{"count":0,"href":"https:\/\/globalnewsmexico.com\/sitio\/wp-json\/wp\/v2\/posts\/60466\/revisions"}],"wp:featuredmedia":[{"embeddable":true,"href":"https:\/\/globalnewsmexico.com\/sitio\/wp-json\/wp\/v2\/media\/60467"}],"wp:attachment":[{"href":"https:\/\/globalnewsmexico.com\/sitio\/wp-json\/wp\/v2\/media?parent=60466"}],"wp:term":[{"taxonomy":"category","embeddable":true,"href":"https:\/\/globalnewsmexico.com\/sitio\/wp-json\/wp\/v2\/categories?post=60466"},{"taxonomy":"post_tag","embeddable":true,"href":"https:\/\/globalnewsmexico.com\/sitio\/wp-json\/wp\/v2\/tags?post=60466"}],"curies":[{"name":"wp","href":"https:\/\/api.w.org\/{rel}","templated":true}]}}