{"id":60567,"date":"2021-01-26T10:32:31","date_gmt":"2021-01-26T16:32:31","guid":{"rendered":"http:\/\/globalnewsmexico.com\/sitio\/?p=60567"},"modified":"2021-01-26T10:33:38","modified_gmt":"2021-01-26T16:33:38","slug":"amplian-intervalo-de-la-segunda-aplicacion-de-la-vacuna-de-pfizer-zoe-robledo","status":"publish","type":"post","link":"https:\/\/globalnewsmexico.com\/sitio\/amplian-intervalo-de-la-segunda-aplicacion-de-la-vacuna-de-pfizer-zoe-robledo\/","title":{"rendered":"Ampl\u00edan intervalo de la segunda aplicaci\u00f3n de la vacuna de Pfizer: Zo\u00e9 Robledo"},"content":{"rendered":"\n<p>El grupo t\u00e9cnico cient\u00edfico de aplicaci\u00f3n de vacunas public\u00f3 una recomendaci\u00f3n sobre el intervalo de aplicaci\u00f3n de la vacuna de Pfizer, de 21 a 41 d\u00edas, inform\u00f3 esta ma\u00f1ana el titular del IMSS, Zo\u00e9 Robledo.<\/p>\n\n\n\n<p>Indic\u00f3 que la aplicaci\u00f3n de la segunda dosis de esta vacuna ser\u00e1 bajo los protocolos que ya hab\u00edan sido establecidos, pero en el periodo de intervalo que indica el grupo t\u00e9cnico.<\/p>\n\n\n\n<p>\u201cEsto es coincidente con una publicaci\u00f3n del 8 de enero de la OMS sobre esta vacuna, que establece la posibilidad de ampliar este tiempo entre la primera y la segunda dosis (&#8230;) en ese sentido, la programaci\u00f3n de la segunda dosis seguir\u00e1 con los tres criterios: la disponibilidad respecto al arribo de las dosis, a trav\u00e9s de la plataforma y de las notificaciones directas a las personas que ya fueron vacunadas\u201d, dijo.<\/p>\n\n\n\n<p>As\u00ed lo inform\u00f3 durante la conferencia matutina en Palacio Nacional, en nombre del subsecretario de Salud, Hugo L\u00f3pez-Gatell, quien se encuentra en confinamiento por el contagio de Covid-19 del presidente de la Rep\u00fablica.<\/p>\n\n\n\n<p>Fuente: Xeu Noticias<\/p>\n","protected":false},"excerpt":{"rendered":"<p>El grupo t\u00e9cnico cient\u00edfico de aplicaci\u00f3n de vacunas public\u00f3 una recomendaci\u00f3n sobre el intervalo de aplicaci\u00f3n de la vacuna de Pfizer, de 21 a 41 d\u00edas, inform\u00f3 esta ma\u00f1ana el titular del IMSS, Zo\u00e9 Robledo. Indic\u00f3 que la aplicaci\u00f3n de la segunda dosis de esta vacuna ser\u00e1 bajo los protocolos que ya hab\u00edan sido establecidos,<a class=\"read-more\" href=\"https:\/\/globalnewsmexico.com\/sitio\/amplian-intervalo-de-la-segunda-aplicacion-de-la-vacuna-de-pfizer-zoe-robledo\/\">Leer m\u00e1s<\/a><\/p>\n","protected":false},"author":5,"featured_media":60568,"comment_status":"closed","ping_status":"open","sticky":false,"template":"","format":"standard","meta":{"spay_email":"","footnotes":""},"categories":[37,8,39,52],"tags":[],"jetpack_featured_media_url":"https:\/\/i2.wp.com\/globalnewsmexico.com\/sitio\/wp-content\/uploads\/2021\/01\/1141264.jpg?fit=1024%2C682&ssl=1","jetpack_sharing_enabled":true,"jetpack_shortlink":"https:\/\/wp.me\/p9yqPL-fKT","jetpack_likes_enabled":true,"_links":{"self":[{"href":"https:\/\/globalnewsmexico.com\/sitio\/wp-json\/wp\/v2\/posts\/60567"}],"collection":[{"href":"https:\/\/globalnewsmexico.com\/sitio\/wp-json\/wp\/v2\/posts"}],"about":[{"href":"https:\/\/globalnewsmexico.com\/sitio\/wp-json\/wp\/v2\/types\/post"}],"author":[{"embeddable":true,"href":"https:\/\/globalnewsmexico.com\/sitio\/wp-json\/wp\/v2\/users\/5"}],"replies":[{"embeddable":true,"href":"https:\/\/globalnewsmexico.com\/sitio\/wp-json\/wp\/v2\/comments?post=60567"}],"version-history":[{"count":0,"href":"https:\/\/globalnewsmexico.com\/sitio\/wp-json\/wp\/v2\/posts\/60567\/revisions"}],"wp:featuredmedia":[{"embeddable":true,"href":"https:\/\/globalnewsmexico.com\/sitio\/wp-json\/wp\/v2\/media\/60568"}],"wp:attachment":[{"href":"https:\/\/globalnewsmexico.com\/sitio\/wp-json\/wp\/v2\/media?parent=60567"}],"wp:term":[{"taxonomy":"category","embeddable":true,"href":"https:\/\/globalnewsmexico.com\/sitio\/wp-json\/wp\/v2\/categories?post=60567"},{"taxonomy":"post_tag","embeddable":true,"href":"https:\/\/globalnewsmexico.com\/sitio\/wp-json\/wp\/v2\/tags?post=60567"}],"curies":[{"name":"wp","href":"https:\/\/api.w.org\/{rel}","templated":true}]}}