{"id":60591,"date":"2021-01-26T14:47:47","date_gmt":"2021-01-26T20:47:47","guid":{"rendered":"http:\/\/globalnewsmexico.com\/sitio\/?p=60591"},"modified":"2021-01-26T14:47:52","modified_gmt":"2021-01-26T20:47:52","slug":"cardenal-rivera-registra-mejoria-sigue-en-terapia-intensiva","status":"publish","type":"post","link":"https:\/\/globalnewsmexico.com\/sitio\/cardenal-rivera-registra-mejoria-sigue-en-terapia-intensiva\/","title":{"rendered":"Cardenal Rivera registra mejor\u00eda; sigue en terapia intensiva"},"content":{"rendered":"\n<p>El cardenal\u00a0Norberto Rivera Carrera, arzobispo em\u00e9rito, registr\u00f3 mejor\u00eda en su estado de salud, inform\u00f3 este martes el sacerdote Hugo Valdemar Romero, can\u00f3nigo penitenciario de la Arquidi\u00f3cesis Primada de M\u00e9xico.<\/p>\n\n\n\n<p>A trav\u00e9s de su cuenta en twitter, el tambi\u00e9n integrante del cabildo de la catedral metropolitana apunt\u00f3 que,\u00a0quien fuera arzobispo primado de M\u00e9xico, contin\u00faa en el \u00e1rea de terapia intensiva.<\/p>\n\n\n\n<p>\u00abEl Sr. Cardenal\u00a0 Norberto Rivera va presentando una mejor\u00eda general. Contin\u00faa en cuidados intensivos. Sigamos orando por \u00e9l\u00bb, escribi\u00f3 el padre Hugo Valdemar.<\/p>\n\n\n\n<p>Norberto Rivera, de 78 a\u00f1os de edad, fue ingresado a un hospital particular por complicaciones en su salud derivadas del Covid-19 desde el 12 de enero de este a\u00f1o y permanece intubado.<\/p>\n\n\n\n<p>Fuente: Exc\u00e9lsior<\/p>\n","protected":false},"excerpt":{"rendered":"<p>El cardenal\u00a0Norberto Rivera Carrera, arzobispo em\u00e9rito, registr\u00f3 mejor\u00eda en su estado de salud, inform\u00f3 este martes el sacerdote Hugo Valdemar Romero, can\u00f3nigo penitenciario de la Arquidi\u00f3cesis Primada de M\u00e9xico. A trav\u00e9s de su cuenta en twitter, el tambi\u00e9n integrante del cabildo de la catedral metropolitana apunt\u00f3 que,\u00a0quien fuera arzobispo primado de M\u00e9xico, contin\u00faa en el<a class=\"read-more\" href=\"https:\/\/globalnewsmexico.com\/sitio\/cardenal-rivera-registra-mejoria-sigue-en-terapia-intensiva\/\">Leer m\u00e1s<\/a><\/p>\n","protected":false},"author":5,"featured_media":60592,"comment_status":"closed","ping_status":"open","sticky":false,"template":"","format":"standard","meta":{"spay_email":"","footnotes":""},"categories":[37,8,49,52],"tags":[],"jetpack_featured_media_url":"https:\/\/i2.wp.com\/globalnewsmexico.com\/sitio\/wp-content\/uploads\/2021\/01\/2518567.jpg?fit=1024%2C768&ssl=1","jetpack_sharing_enabled":true,"jetpack_shortlink":"https:\/\/wp.me\/p9yqPL-fLh","jetpack_likes_enabled":true,"_links":{"self":[{"href":"https:\/\/globalnewsmexico.com\/sitio\/wp-json\/wp\/v2\/posts\/60591"}],"collection":[{"href":"https:\/\/globalnewsmexico.com\/sitio\/wp-json\/wp\/v2\/posts"}],"about":[{"href":"https:\/\/globalnewsmexico.com\/sitio\/wp-json\/wp\/v2\/types\/post"}],"author":[{"embeddable":true,"href":"https:\/\/globalnewsmexico.com\/sitio\/wp-json\/wp\/v2\/users\/5"}],"replies":[{"embeddable":true,"href":"https:\/\/globalnewsmexico.com\/sitio\/wp-json\/wp\/v2\/comments?post=60591"}],"version-history":[{"count":0,"href":"https:\/\/globalnewsmexico.com\/sitio\/wp-json\/wp\/v2\/posts\/60591\/revisions"}],"wp:featuredmedia":[{"embeddable":true,"href":"https:\/\/globalnewsmexico.com\/sitio\/wp-json\/wp\/v2\/media\/60592"}],"wp:attachment":[{"href":"https:\/\/globalnewsmexico.com\/sitio\/wp-json\/wp\/v2\/media?parent=60591"}],"wp:term":[{"taxonomy":"category","embeddable":true,"href":"https:\/\/globalnewsmexico.com\/sitio\/wp-json\/wp\/v2\/categories?post=60591"},{"taxonomy":"post_tag","embeddable":true,"href":"https:\/\/globalnewsmexico.com\/sitio\/wp-json\/wp\/v2\/tags?post=60591"}],"curies":[{"name":"wp","href":"https:\/\/api.w.org\/{rel}","templated":true}]}}