{"id":60622,"date":"2021-01-27T10:14:57","date_gmt":"2021-01-27T16:14:57","guid":{"rendered":"http:\/\/globalnewsmexico.com\/sitio\/?p=60622"},"modified":"2021-01-27T10:15:03","modified_gmt":"2021-01-27T16:15:03","slug":"se-consultara-despenalizacion-del-aborto-no-los-derechos-de-las-mujeres-sanchez-cordero","status":"publish","type":"post","link":"https:\/\/globalnewsmexico.com\/sitio\/se-consultara-despenalizacion-del-aborto-no-los-derechos-de-las-mujeres-sanchez-cordero\/","title":{"rendered":"Se consultar\u00e1 despenalizaci\u00f3n del aborto, no los derechos de las mujeres: S\u00e1nchez Cordero"},"content":{"rendered":"\n<p>Tras ser cuestionada sobre la consulta p\u00fablica que el presidente ha propuesto para decidir si se despenaliza el aborto en M\u00e9xico o no, la secretaria de Gobernaci\u00f3n, Olga S\u00e1nchez Cordero, reiter\u00f3 que no se busca decidir sobre los derechos de las mujeres, sino sobre una tipolog\u00eda penal.<\/p>\n\n\n\n<p>\u201cLos derechos no est\u00e1n m\u00e1s que en la Constituci\u00f3n (\u2026) Lo que se va a discutir son los tipos penales, la tipolog\u00eda penal y la criminalizaci\u00f3n o no de una conducta, eso es lo que se va a consultar\u201d, dijo.<\/p>\n\n\n\n<p>Agreg\u00f3 que \u201ccuando el presidente habla de la consulta en la que las mujeres van a decidir, las mujeres van a decidir a trav\u00e9s de sus representantes y de las feministas, pero van a decidir no sobre sus derechos, sino sobre un tipo penal espec\u00edfico\u201d.<\/p>\n\n\n\n<p>Fuente: Xeu Noticias<\/p>\n","protected":false},"excerpt":{"rendered":"<p>Tras ser cuestionada sobre la consulta p\u00fablica que el presidente ha propuesto para decidir si se despenaliza el aborto en M\u00e9xico o no, la secretaria de Gobernaci\u00f3n, Olga S\u00e1nchez Cordero, reiter\u00f3 que no se busca decidir sobre los derechos de las mujeres, sino sobre una tipolog\u00eda penal. \u201cLos derechos no est\u00e1n m\u00e1s que en la<a class=\"read-more\" href=\"https:\/\/globalnewsmexico.com\/sitio\/se-consultara-despenalizacion-del-aborto-no-los-derechos-de-las-mujeres-sanchez-cordero\/\">Leer m\u00e1s<\/a><\/p>\n","protected":false},"author":5,"featured_media":60623,"comment_status":"closed","ping_status":"open","sticky":false,"template":"","format":"standard","meta":{"spay_email":"","footnotes":""},"categories":[37,8,40,52],"tags":[],"jetpack_featured_media_url":"https:\/\/i2.wp.com\/globalnewsmexico.com\/sitio\/wp-content\/uploads\/2021\/01\/1141428.jpg?fit=1024%2C589&ssl=1","jetpack_sharing_enabled":true,"jetpack_shortlink":"https:\/\/wp.me\/p9yqPL-fLM","jetpack_likes_enabled":true,"_links":{"self":[{"href":"https:\/\/globalnewsmexico.com\/sitio\/wp-json\/wp\/v2\/posts\/60622"}],"collection":[{"href":"https:\/\/globalnewsmexico.com\/sitio\/wp-json\/wp\/v2\/posts"}],"about":[{"href":"https:\/\/globalnewsmexico.com\/sitio\/wp-json\/wp\/v2\/types\/post"}],"author":[{"embeddable":true,"href":"https:\/\/globalnewsmexico.com\/sitio\/wp-json\/wp\/v2\/users\/5"}],"replies":[{"embeddable":true,"href":"https:\/\/globalnewsmexico.com\/sitio\/wp-json\/wp\/v2\/comments?post=60622"}],"version-history":[{"count":0,"href":"https:\/\/globalnewsmexico.com\/sitio\/wp-json\/wp\/v2\/posts\/60622\/revisions"}],"wp:featuredmedia":[{"embeddable":true,"href":"https:\/\/globalnewsmexico.com\/sitio\/wp-json\/wp\/v2\/media\/60623"}],"wp:attachment":[{"href":"https:\/\/globalnewsmexico.com\/sitio\/wp-json\/wp\/v2\/media?parent=60622"}],"wp:term":[{"taxonomy":"category","embeddable":true,"href":"https:\/\/globalnewsmexico.com\/sitio\/wp-json\/wp\/v2\/categories?post=60622"},{"taxonomy":"post_tag","embeddable":true,"href":"https:\/\/globalnewsmexico.com\/sitio\/wp-json\/wp\/v2\/tags?post=60622"}],"curies":[{"name":"wp","href":"https:\/\/api.w.org\/{rel}","templated":true}]}}