{"id":60723,"date":"2021-01-28T16:17:12","date_gmt":"2021-01-28T22:17:12","guid":{"rendered":"http:\/\/globalnewsmexico.com\/sitio\/?p=60723"},"modified":"2021-01-28T16:17:20","modified_gmt":"2021-01-28T22:17:20","slug":"designa-congreso-a-namiko-matzumoto-titular-de-la-cedh-para-un-segundo-periodo","status":"publish","type":"post","link":"https:\/\/globalnewsmexico.com\/sitio\/designa-congreso-a-namiko-matzumoto-titular-de-la-cedh-para-un-segundo-periodo\/","title":{"rendered":"Designa Congreso a Namiko Matzumoto titular de la CEDH, para un segundo periodo"},"content":{"rendered":"\n<p>La LXV Legislatura design\u00f3 a Namiko Matzumoto Ben\u00edtez presidenta de la Comisi\u00f3n Estatal de Derechos Humanos (CEDH) para un segundo periodo, que abarca del 30 de enero de 2021 al 29 de enero de 2026. Con 40 votos, el Pleno aval\u00f3 la continuidad de la actual titular al frente del organismo aut\u00f3nomo.<\/p>\n\n\n\n<p>Durante la Octava Sesi\u00f3n Ordinaria del Primer Per\u00edodo de Sesiones Ordinarias del Tercer A\u00f1o de Ejercicio Constitucional, el Pleno aprob\u00f3 el dictamen emitido por la Comisi\u00f3n Permanente de Derechos Humanos y Atenci\u00f3n a Grupos Vulnerables, que conten\u00eda la terna integrada por Irvin Uriel L\u00f3pez Bonilla, Namiko Matzumoto Ben\u00edtez y Gustavo Souza Escamilla.<\/p>\n\n\n\n<div class=\"wp-block-image\"><figure class=\"aligncenter size-large\"><img loading=\"lazy\" decoding=\"async\" width=\"800\" height=\"534\" src=\"https:\/\/i2.wp.com\/globalnewsmexico.com\/sitio\/wp-content\/uploads\/2021\/01\/1-4.jpg?resize=800%2C534&#038;ssl=1\" alt=\"\" class=\"wp-image-60719\" srcset=\"https:\/\/i2.wp.com\/globalnewsmexico.com\/sitio\/wp-content\/uploads\/2021\/01\/1-4.jpg?w=1024&amp;ssl=1 1024w, https:\/\/i2.wp.com\/globalnewsmexico.com\/sitio\/wp-content\/uploads\/2021\/01\/1-4.jpg?resize=300%2C200&amp;ssl=1 300w, https:\/\/i2.wp.com\/globalnewsmexico.com\/sitio\/wp-content\/uploads\/2021\/01\/1-4.jpg?resize=768%2C512&amp;ssl=1 768w, https:\/\/i2.wp.com\/globalnewsmexico.com\/sitio\/wp-content\/uploads\/2021\/01\/1-4.jpg?resize=580%2C387&amp;ssl=1 580w, https:\/\/i2.wp.com\/globalnewsmexico.com\/sitio\/wp-content\/uploads\/2021\/01\/1-4.jpg?resize=382%2C255&amp;ssl=1 382w, https:\/\/i2.wp.com\/globalnewsmexico.com\/sitio\/wp-content\/uploads\/2021\/01\/1-4.jpg?resize=525%2C350&amp;ssl=1 525w\" sizes=\"(max-width: 800px) 100vw, 800px\" data-recalc-dims=\"1\" \/><\/figure><\/div>\n\n\n\n<p>Una vez concluidas todas las etapas previas contempladas en la convocatoria y realizado el proceso conforme a la ley, la Comisi\u00f3n dictaminadora present\u00f3 la propuesta al Pleno que, en dicha sesi\u00f3n, procedi\u00f3 a la votaci\u00f3n, en t\u00e9rminos de lo establecido por el Art\u00edculo 33, fracci\u00f3n XIX, de la Constituci\u00f3n Pol\u00edtica del Estado de Veracruz de Ignacio de la Llave.<\/p>\n\n\n\n<p>Realizada la votaci\u00f3n y habi\u00e9ndose obtenido el resultado aprobatorio, el diputado Alexis S\u00e1nchez Garc\u00eda y las diputadas Deisy Juan Antonio y Montserrat Ortega Ruiz, presidente, secretaria y vocal de la Comisi\u00f3n mencionada, respectivamente, condujeron hasta el Recinto Oficial de Sesiones a la ciudadana Namiko Matzumoto Ben\u00edtez, donde la presidenta de la Mesa Directiva, diputada Adriana Paola Linares Capitanachi, le tom\u00f3 la protesta de ley.<\/p>\n\n\n\n<p>Esta designaci\u00f3n se circunscribi\u00f3 a lo establecido en el Art\u00edculo 17 de la Ley de la Comisi\u00f3n Estatal de Derechos Humanos para el Estado de Veracruz, seg\u00fan el cual, la persona que presida la CEDH \u201cdurar\u00e1 en sus funciones cinco a\u00f1os, y podr\u00e1 ser designado, exclusivamente, para un segundo per\u00edodo\u201d.<\/p>\n","protected":false},"excerpt":{"rendered":"<p>La LXV Legislatura design\u00f3 a Namiko Matzumoto Ben\u00edtez presidenta de la Comisi\u00f3n Estatal de Derechos Humanos (CEDH) para un segundo periodo, que abarca del 30 de enero de 2021 al 29 de enero de 2026. Con 40 votos, el Pleno aval\u00f3 la continuidad de la actual titular al frente del organismo aut\u00f3nomo. Durante la Octava<a class=\"read-more\" href=\"https:\/\/globalnewsmexico.com\/sitio\/designa-congreso-a-namiko-matzumoto-titular-de-la-cedh-para-un-segundo-periodo\/\">Leer m\u00e1s<\/a><\/p>\n","protected":false},"author":5,"featured_media":60724,"comment_status":"closed","ping_status":"open","sticky":false,"template":"","format":"standard","meta":{"spay_email":"","footnotes":""},"categories":[37,8,50,52],"tags":[],"jetpack_featured_media_url":"https:\/\/i0.wp.com\/globalnewsmexico.com\/sitio\/wp-content\/uploads\/2021\/01\/a25b8818-0734-444a-bcb0-0929ad000080.jpg?fit=1024%2C683&ssl=1","jetpack_sharing_enabled":true,"jetpack_shortlink":"https:\/\/wp.me\/p9yqPL-fNp","jetpack_likes_enabled":true,"_links":{"self":[{"href":"https:\/\/globalnewsmexico.com\/sitio\/wp-json\/wp\/v2\/posts\/60723"}],"collection":[{"href":"https:\/\/globalnewsmexico.com\/sitio\/wp-json\/wp\/v2\/posts"}],"about":[{"href":"https:\/\/globalnewsmexico.com\/sitio\/wp-json\/wp\/v2\/types\/post"}],"author":[{"embeddable":true,"href":"https:\/\/globalnewsmexico.com\/sitio\/wp-json\/wp\/v2\/users\/5"}],"replies":[{"embeddable":true,"href":"https:\/\/globalnewsmexico.com\/sitio\/wp-json\/wp\/v2\/comments?post=60723"}],"version-history":[{"count":0,"href":"https:\/\/globalnewsmexico.com\/sitio\/wp-json\/wp\/v2\/posts\/60723\/revisions"}],"wp:featuredmedia":[{"embeddable":true,"href":"https:\/\/globalnewsmexico.com\/sitio\/wp-json\/wp\/v2\/media\/60724"}],"wp:attachment":[{"href":"https:\/\/globalnewsmexico.com\/sitio\/wp-json\/wp\/v2\/media?parent=60723"}],"wp:term":[{"taxonomy":"category","embeddable":true,"href":"https:\/\/globalnewsmexico.com\/sitio\/wp-json\/wp\/v2\/categories?post=60723"},{"taxonomy":"post_tag","embeddable":true,"href":"https:\/\/globalnewsmexico.com\/sitio\/wp-json\/wp\/v2\/tags?post=60723"}],"curies":[{"name":"wp","href":"https:\/\/api.w.org\/{rel}","templated":true}]}}