{"id":60813,"date":"2021-01-30T13:56:30","date_gmt":"2021-01-30T19:56:30","guid":{"rendered":"http:\/\/globalnewsmexico.com\/sitio\/?p=60813"},"modified":"2021-01-30T13:56:50","modified_gmt":"2021-01-30T19:56:50","slug":"no-me-arrepiento-de-haber-ordenado-la-muerte-de-bin-laden-obama","status":"publish","type":"post","link":"https:\/\/globalnewsmexico.com\/sitio\/no-me-arrepiento-de-haber-ordenado-la-muerte-de-bin-laden-obama\/","title":{"rendered":"No me arrepiento de haber ordenado la muerte de Bin Laden: Obama"},"content":{"rendered":"\n<p>Barack Obama, expresidente de Estados Unidos, indic\u00f3 que no se arrepiente de dar la\u00a0orden que\u00a0acab\u00f3 con la vida de Osama bin Laden, terrorista yihadista, pues ese tipo de decisiones eran parte de su trabajo.<\/p>\n\n\n\n<p>\u00abLo hice muy intencionadamente. A menudo describimos la guerra o la lucha contra el terrorismo en t\u00e9rminos as\u00e9pticos. La guerra, a veces, es necesaria. No me arrepiento de haber dado la orden de la operaci\u00f3n\u00a0que acab\u00f3 con la muerte de Bin Laden\u00a0porque estaba planificando el asesinato de gente inocente, algo que ya hab\u00eda hecho antes\u00bb, dijo.<\/p>\n\n\n\n<p>En entrevista para un medio espa\u00f1ol, Obama dijo que\u00a0existen las guerras necesarias, pero que conllevan cosas muy terribles y es algo que pesa en su consciencia.<\/p>\n\n\n\n<p>\u00abY tiene que ser as\u00ed. Yo desconfiar\u00eda de un l\u00edder que no reflexionara sobre esto, que no le afectara\u00bb, coment\u00f3 el estadunidense.<\/p>\n\n\n\n<p>En sus memorias,\u00a0<em>Una tierra prometida<\/em>, Obama relat\u00f3 c\u00f3mo vivi\u00f3 la operaci\u00f3n que termin\u00f3 con la vida del l\u00edder de Al Qaeda, donde indic\u00f3 \u00abno\u00a0era una sorpresa que una parte de mi trabajo\u00a0implicara ordenar que mataran personas\u00bb.<\/p>\n\n\n\n<p>Obama tambi\u00e9n admiti\u00f3 que un l\u00edder debe tomar decisiones que\u00a0contradicen sus propios valores, en tanto el objetivo sea un mundo \u201cgobernado m\u00e1s por la cooperaci\u00f3n, que por el conflicto\u201d.<\/p>\n\n\n\n<p>Fuente: Agencias<\/p>\n","protected":false},"excerpt":{"rendered":"<p>Barack Obama, expresidente de Estados Unidos, indic\u00f3 que no se arrepiente de dar la\u00a0orden que\u00a0acab\u00f3 con la vida de Osama bin Laden, terrorista yihadista, pues ese tipo de decisiones eran parte de su trabajo. \u00abLo hice muy intencionadamente. A menudo describimos la guerra o la lucha contra el terrorismo en t\u00e9rminos as\u00e9pticos. La guerra, a<a class=\"read-more\" href=\"https:\/\/globalnewsmexico.com\/sitio\/no-me-arrepiento-de-haber-ordenado-la-muerte-de-bin-laden-obama\/\">Leer m\u00e1s<\/a><\/p>\n","protected":false},"author":5,"featured_media":60814,"comment_status":"closed","ping_status":"open","sticky":false,"template":"","format":"standard","meta":{"spay_email":"","footnotes":""},"categories":[37,8,48,52],"tags":[],"jetpack_featured_media_url":"https:\/\/i2.wp.com\/globalnewsmexico.com\/sitio\/wp-content\/uploads\/2021\/01\/barack-obama-guerras-necesarias-pesan_0_20_1200_746.jpg?fit=958%2C596&ssl=1","jetpack_sharing_enabled":true,"jetpack_shortlink":"https:\/\/wp.me\/p9yqPL-fOR","jetpack_likes_enabled":true,"_links":{"self":[{"href":"https:\/\/globalnewsmexico.com\/sitio\/wp-json\/wp\/v2\/posts\/60813"}],"collection":[{"href":"https:\/\/globalnewsmexico.com\/sitio\/wp-json\/wp\/v2\/posts"}],"about":[{"href":"https:\/\/globalnewsmexico.com\/sitio\/wp-json\/wp\/v2\/types\/post"}],"author":[{"embeddable":true,"href":"https:\/\/globalnewsmexico.com\/sitio\/wp-json\/wp\/v2\/users\/5"}],"replies":[{"embeddable":true,"href":"https:\/\/globalnewsmexico.com\/sitio\/wp-json\/wp\/v2\/comments?post=60813"}],"version-history":[{"count":0,"href":"https:\/\/globalnewsmexico.com\/sitio\/wp-json\/wp\/v2\/posts\/60813\/revisions"}],"wp:featuredmedia":[{"embeddable":true,"href":"https:\/\/globalnewsmexico.com\/sitio\/wp-json\/wp\/v2\/media\/60814"}],"wp:attachment":[{"href":"https:\/\/globalnewsmexico.com\/sitio\/wp-json\/wp\/v2\/media?parent=60813"}],"wp:term":[{"taxonomy":"category","embeddable":true,"href":"https:\/\/globalnewsmexico.com\/sitio\/wp-json\/wp\/v2\/categories?post=60813"},{"taxonomy":"post_tag","embeddable":true,"href":"https:\/\/globalnewsmexico.com\/sitio\/wp-json\/wp\/v2\/tags?post=60813"}],"curies":[{"name":"wp","href":"https:\/\/api.w.org\/{rel}","templated":true}]}}