{"id":60840,"date":"2021-01-30T22:15:18","date_gmt":"2021-01-31T04:15:18","guid":{"rendered":"http:\/\/globalnewsmexico.com\/sitio\/?p=60840"},"modified":"2021-01-30T22:15:23","modified_gmt":"2021-01-31T04:15:23","slug":"ebrard-asegura-que-mexico-trabaja-en-produccion-de-vacuna-contra-covid-19-de-astrazeneca","status":"publish","type":"post","link":"https:\/\/globalnewsmexico.com\/sitio\/ebrard-asegura-que-mexico-trabaja-en-produccion-de-vacuna-contra-covid-19-de-astrazeneca\/","title":{"rendered":"Ebrard asegura que M\u00e9xico trabaja en producci\u00f3n de vacuna contra Covid-19 de AstraZeneca"},"content":{"rendered":"\n<p>M\u00e9xico ya se encuentra trabajando en el proceso de producci\u00f3n de la vacuna de\u00a0AstraZeneca\u00a0y la Universidad de Oxford contra el\u00a0Covid-19, inform\u00f3\u00a0Marcelo\u00a0Ebrard, secretario de Relaciones Exteriores.<\/p>\n\n\n\n<p>El canciller asegur\u00f3 que hasta el momento existen ocho proyectos de vacunas en Latinoam\u00e9rica. El objetivo, dijo, es que para este 2021 haya m\u00e1s opciones de f\u00f3rmulas para atacar al SARS-CoV-2.<\/p>\n\n\n\n<p>Ebrard Casaub\u00f3n explic\u00f3 que el pa\u00eds\u00a0, en coordinaci\u00f3n con los laboratorios de Argentina involucrados, ya est\u00e1n en proceso de producci\u00f3n de la vacuna de AstraZeneca.<\/p>\n\n\n\n<p>Aunque no mencion\u00f3 el costo s\u00ed asegur\u00f3, en el V Encuentro del Grupo de Puebla &#8216;Latinoam\u00e9rica cambi\u00f3&#8217;, que la medicina ser\u00e1 la m\u00e1s\u00a0econ\u00f3mica.<\/p>\n\n\n\n<p>Fuente: El Heraldo de M\u00e9xico<\/p>\n","protected":false},"excerpt":{"rendered":"<p>M\u00e9xico ya se encuentra trabajando en el proceso de producci\u00f3n de la vacuna de\u00a0AstraZeneca\u00a0y la Universidad de Oxford contra el\u00a0Covid-19, inform\u00f3\u00a0Marcelo\u00a0Ebrard, secretario de Relaciones Exteriores. El canciller asegur\u00f3 que hasta el momento existen ocho proyectos de vacunas en Latinoam\u00e9rica. El objetivo, dijo, es que para este 2021 haya m\u00e1s opciones de f\u00f3rmulas para atacar al<a class=\"read-more\" href=\"https:\/\/globalnewsmexico.com\/sitio\/ebrard-asegura-que-mexico-trabaja-en-produccion-de-vacuna-contra-covid-19-de-astrazeneca\/\">Leer m\u00e1s<\/a><\/p>\n","protected":false},"author":5,"featured_media":60841,"comment_status":"closed","ping_status":"open","sticky":false,"template":"","format":"standard","meta":{"spay_email":"","footnotes":""},"categories":[37,8,40,52],"tags":[],"jetpack_featured_media_url":"https:\/\/i0.wp.com\/globalnewsmexico.com\/sitio\/wp-content\/uploads\/2021\/01\/f925x521-312671_381535_5050.jpg?fit=1024%2C577&ssl=1","jetpack_sharing_enabled":true,"jetpack_shortlink":"https:\/\/wp.me\/p9yqPL-fPi","jetpack_likes_enabled":true,"_links":{"self":[{"href":"https:\/\/globalnewsmexico.com\/sitio\/wp-json\/wp\/v2\/posts\/60840"}],"collection":[{"href":"https:\/\/globalnewsmexico.com\/sitio\/wp-json\/wp\/v2\/posts"}],"about":[{"href":"https:\/\/globalnewsmexico.com\/sitio\/wp-json\/wp\/v2\/types\/post"}],"author":[{"embeddable":true,"href":"https:\/\/globalnewsmexico.com\/sitio\/wp-json\/wp\/v2\/users\/5"}],"replies":[{"embeddable":true,"href":"https:\/\/globalnewsmexico.com\/sitio\/wp-json\/wp\/v2\/comments?post=60840"}],"version-history":[{"count":0,"href":"https:\/\/globalnewsmexico.com\/sitio\/wp-json\/wp\/v2\/posts\/60840\/revisions"}],"wp:featuredmedia":[{"embeddable":true,"href":"https:\/\/globalnewsmexico.com\/sitio\/wp-json\/wp\/v2\/media\/60841"}],"wp:attachment":[{"href":"https:\/\/globalnewsmexico.com\/sitio\/wp-json\/wp\/v2\/media?parent=60840"}],"wp:term":[{"taxonomy":"category","embeddable":true,"href":"https:\/\/globalnewsmexico.com\/sitio\/wp-json\/wp\/v2\/categories?post=60840"},{"taxonomy":"post_tag","embeddable":true,"href":"https:\/\/globalnewsmexico.com\/sitio\/wp-json\/wp\/v2\/tags?post=60840"}],"curies":[{"name":"wp","href":"https:\/\/api.w.org\/{rel}","templated":true}]}}