{"id":60848,"date":"2021-02-01T09:23:33","date_gmt":"2021-02-01T15:23:33","guid":{"rendered":"http:\/\/globalnewsmexico.com\/sitio\/?p=60848"},"modified":"2021-02-01T09:23:37","modified_gmt":"2021-02-01T15:23:37","slug":"sanchez-cordero-preve-que-amlo-regrese-a-la-mananera-el-proximo-lunes","status":"publish","type":"post","link":"https:\/\/globalnewsmexico.com\/sitio\/sanchez-cordero-preve-que-amlo-regrese-a-la-mananera-el-proximo-lunes\/","title":{"rendered":"S\u00e1nchez Cordero prev\u00e9 que AMLO regrese a La Ma\u00f1anera el pr\u00f3ximo lunes"},"content":{"rendered":"\n<p>La secretaria de Gobernaci\u00f3n,\u00a0Olga S\u00e1nchez Cordero, estim\u00f3 que el presidente\u00a0Andr\u00e9s Manuel L\u00f3pez Obrador\u00a0retomar\u00e1\u00a0La Ma\u00f1anera\u00a0el lunes, tras su\u00a0contagio de Covid-19, por lo que asegur\u00f3 que esta semana ella seguir\u00e1 al frente de la conferencia.\u00a0<\/p>\n\n\n\n<p>\u00abYo me har\u00e9 cargo esta semana, yo creo que para el lunes pr\u00f3ximo lo tendremos (al presidente) aqu\u00ed con nosotros\u00bb, dijo.<\/p>\n\n\n\n<p>Desde Palacio Nacional, la funcionaria afirm\u00f3 que el mandatario est\u00e1 bien y avanzando en su recuperaci\u00f3n. Adem\u00e1s, se dijo contenta del mensaje que difundi\u00f3 el presidente el viernes en redes sociales, para \u00abacallar estas voces que estaban circulando temas que no eran para nada veraces\u00bb.\u00a0<\/p>\n\n\n\n<p>S\u00e1nchez Cordero\u00a0reiter\u00f3 que vio muy optimista y de buen \u00e1nimo\u00a0al presidente L\u00f3pez Obrador.<\/p>\n\n\n\n<p>El presidente\u00a0reapareci\u00f3 el viernes\u00a0con un videomensaje\u00a0en su quinto d\u00eda de aislamiento, donde anunci\u00f3 que\u00a0en marzo el pa\u00eds tendr\u00e1 12 millones de vacunas\u00a0para proteger a los mexicanos de la pandemia, conforme al plan nacional de inmunizaci\u00f3n. Tambi\u00e9n, indic\u00f3 que\u00a0ya super\u00f3 la etapa cr\u00edtica de la enfermedad causada por el Covid-19 y agradeci\u00f3 las muestras de afecto.<\/p>\n\n\n\n<p>Fuente: Milenio<\/p>\n","protected":false},"excerpt":{"rendered":"<p>La secretaria de Gobernaci\u00f3n,\u00a0Olga S\u00e1nchez Cordero, estim\u00f3 que el presidente\u00a0Andr\u00e9s Manuel L\u00f3pez Obrador\u00a0retomar\u00e1\u00a0La Ma\u00f1anera\u00a0el lunes, tras su\u00a0contagio de Covid-19, por lo que asegur\u00f3 que esta semana ella seguir\u00e1 al frente de la conferencia.\u00a0 \u00abYo me har\u00e9 cargo esta semana, yo creo que para el lunes pr\u00f3ximo lo tendremos (al presidente) aqu\u00ed con nosotros\u00bb, dijo. Desde<a class=\"read-more\" href=\"https:\/\/globalnewsmexico.com\/sitio\/sanchez-cordero-preve-que-amlo-regrese-a-la-mananera-el-proximo-lunes\/\">Leer m\u00e1s<\/a><\/p>\n","protected":false},"author":5,"featured_media":60849,"comment_status":"closed","ping_status":"open","sticky":false,"template":"","format":"standard","meta":{"spay_email":"","footnotes":""},"categories":[37,8,39,52],"tags":[],"jetpack_featured_media_url":"https:\/\/i1.wp.com\/globalnewsmexico.com\/sitio\/wp-content\/uploads\/2021\/02\/presidente-andres-manuel-lopez-obrador-1117.jpg?fit=958%2C596&ssl=1","jetpack_sharing_enabled":true,"jetpack_shortlink":"https:\/\/wp.me\/p9yqPL-fPq","jetpack_likes_enabled":true,"_links":{"self":[{"href":"https:\/\/globalnewsmexico.com\/sitio\/wp-json\/wp\/v2\/posts\/60848"}],"collection":[{"href":"https:\/\/globalnewsmexico.com\/sitio\/wp-json\/wp\/v2\/posts"}],"about":[{"href":"https:\/\/globalnewsmexico.com\/sitio\/wp-json\/wp\/v2\/types\/post"}],"author":[{"embeddable":true,"href":"https:\/\/globalnewsmexico.com\/sitio\/wp-json\/wp\/v2\/users\/5"}],"replies":[{"embeddable":true,"href":"https:\/\/globalnewsmexico.com\/sitio\/wp-json\/wp\/v2\/comments?post=60848"}],"version-history":[{"count":0,"href":"https:\/\/globalnewsmexico.com\/sitio\/wp-json\/wp\/v2\/posts\/60848\/revisions"}],"wp:featuredmedia":[{"embeddable":true,"href":"https:\/\/globalnewsmexico.com\/sitio\/wp-json\/wp\/v2\/media\/60849"}],"wp:attachment":[{"href":"https:\/\/globalnewsmexico.com\/sitio\/wp-json\/wp\/v2\/media?parent=60848"}],"wp:term":[{"taxonomy":"category","embeddable":true,"href":"https:\/\/globalnewsmexico.com\/sitio\/wp-json\/wp\/v2\/categories?post=60848"},{"taxonomy":"post_tag","embeddable":true,"href":"https:\/\/globalnewsmexico.com\/sitio\/wp-json\/wp\/v2\/tags?post=60848"}],"curies":[{"name":"wp","href":"https:\/\/api.w.org\/{rel}","templated":true}]}}