{"id":60904,"date":"2021-02-01T22:11:45","date_gmt":"2021-02-02T04:11:45","guid":{"rendered":"http:\/\/globalnewsmexico.com\/sitio\/?p=60904"},"modified":"2021-02-01T22:11:49","modified_gmt":"2021-02-02T04:11:49","slug":"amlo-esta-muy-activo-y-evoluciona-muy-bien-tras-dar-positivo-a-covid-19-lopez-gatell","status":"publish","type":"post","link":"https:\/\/globalnewsmexico.com\/sitio\/amlo-esta-muy-activo-y-evoluciona-muy-bien-tras-dar-positivo-a-covid-19-lopez-gatell\/","title":{"rendered":"AMLO est\u00e1 muy activo y evoluciona muy bien tras dar positivo a Covid-19: L\u00f3pez-Gatell"},"content":{"rendered":"\n<p>El presidente\u00a0Andr\u00e9s Manuel L\u00f3pez Obrador se encuentra activo y pr\u00e1cticamente asintom\u00e1tico, tras dar positivo a Covid-19 el pasado 22 de enero, inform\u00f3 Hugo L\u00f3pez-Gatell, subsecretario de Prevenci\u00f3n y Promoci\u00f3n de la Salud.\u00a0\u00a0<\/p>\n\n\n\n<p>En conferencia de prensa, y de manera presencial, L\u00f3pez-Gatell detall\u00f3 que\u00a0el presidente de M\u00e9xico particip\u00f3 hoy en la reuni\u00f3n semanal sobre el coronavirus de manera en\u00e9rgica y activa.<\/p>\n\n\n\n<p>\u00abHace unos minutos terminamos la reuni\u00f3n semanal que tenemos sobre el covid y la vacuna, y\u00a0particip\u00f3 el presidente, muy activo, muy en\u00e9rgico, muy enf\u00e1tico como es \u00e9l, dando seguimiento muy cuidadoso a todo lo que hacemos\u00bb, explic\u00f3.<\/p>\n\n\n\n<p>L\u00f3pez-Gatell a\u00f1adi\u00f3 que su estado de \u00e1nimo es producto de la evoluci\u00f3n de salud, pues\u00a0sigue recuper\u00e1ndose y pr\u00e1cticamente est\u00e1 asintom\u00e1tico.\u00a0<\/p>\n\n\n\n<p>\u00abEstaremos todos pendientes, en primer lugar el doctor Alcocer, como secretario de Salud y coordinador de su atenci\u00f3n m\u00e9dica a la siguiente semana, pero\u00a0nos da much\u00edsimo gusto informar que est\u00e1 evolucionando muy bien\u00bb, agreg\u00f3.\u00a0<\/p>\n\n\n\n<p>L\u00f3pez-Gatell retom\u00f3 su presencia en Palacio Nacional para las conferencias vespertinas, pues la semana pasada particip\u00f3 a distancia, ya que tuvo contacto con L\u00f3pez Obrador el pasado viernes 22 de enero,\u00a0fecha en que existi\u00f3 riesgo de contagio entre quienes convivieron con el mandatario.\u00a0<\/p>\n\n\n\n<p>M\u00e1s temprano, en\u00a0La Ma\u00f1anera, Olga S\u00e1nchez Cordero, secretaria de Gobernaci\u00f3n, estim\u00f3 que\u00a0L\u00f3pez Obrador retomar\u00e1 su presencia en las conferencias matutinas el pr\u00f3ximo lunes 8 de febrero.<\/p>\n\n\n\n<p>La funcionaria asegur\u00f3 que\u00a0esta semana seguir\u00e1 al frente de las conferencias: \u00abYo me har\u00e9 cargo esta semana, yo creo que para el lunes pr\u00f3ximo lo tendremos (al presidente) aqu\u00ed con nosotros\u00bb, dijo.<\/p>\n\n\n\n<p>Fuente: Milenio<\/p>\n","protected":false},"excerpt":{"rendered":"<p>El presidente\u00a0Andr\u00e9s Manuel L\u00f3pez Obrador se encuentra activo y pr\u00e1cticamente asintom\u00e1tico, tras dar positivo a Covid-19 el pasado 22 de enero, inform\u00f3 Hugo L\u00f3pez-Gatell, subsecretario de Prevenci\u00f3n y Promoci\u00f3n de la Salud.\u00a0\u00a0 En conferencia de prensa, y de manera presencial, L\u00f3pez-Gatell detall\u00f3 que\u00a0el presidente de M\u00e9xico particip\u00f3 hoy en la reuni\u00f3n semanal sobre el coronavirus<a class=\"read-more\" href=\"https:\/\/globalnewsmexico.com\/sitio\/amlo-esta-muy-activo-y-evoluciona-muy-bien-tras-dar-positivo-a-covid-19-lopez-gatell\/\">Leer m\u00e1s<\/a><\/p>\n","protected":false},"author":5,"featured_media":59976,"comment_status":"closed","ping_status":"open","sticky":false,"template":"","format":"standard","meta":{"spay_email":"","footnotes":""},"categories":[37,8,39,52],"tags":[],"jetpack_featured_media_url":"https:\/\/i2.wp.com\/globalnewsmexico.com\/sitio\/wp-content\/uploads\/2021\/01\/AMLO.jpg?fit=1024%2C651&ssl=1","jetpack_sharing_enabled":true,"jetpack_shortlink":"https:\/\/wp.me\/p9yqPL-fQk","jetpack_likes_enabled":true,"_links":{"self":[{"href":"https:\/\/globalnewsmexico.com\/sitio\/wp-json\/wp\/v2\/posts\/60904"}],"collection":[{"href":"https:\/\/globalnewsmexico.com\/sitio\/wp-json\/wp\/v2\/posts"}],"about":[{"href":"https:\/\/globalnewsmexico.com\/sitio\/wp-json\/wp\/v2\/types\/post"}],"author":[{"embeddable":true,"href":"https:\/\/globalnewsmexico.com\/sitio\/wp-json\/wp\/v2\/users\/5"}],"replies":[{"embeddable":true,"href":"https:\/\/globalnewsmexico.com\/sitio\/wp-json\/wp\/v2\/comments?post=60904"}],"version-history":[{"count":0,"href":"https:\/\/globalnewsmexico.com\/sitio\/wp-json\/wp\/v2\/posts\/60904\/revisions"}],"wp:featuredmedia":[{"embeddable":true,"href":"https:\/\/globalnewsmexico.com\/sitio\/wp-json\/wp\/v2\/media\/59976"}],"wp:attachment":[{"href":"https:\/\/globalnewsmexico.com\/sitio\/wp-json\/wp\/v2\/media?parent=60904"}],"wp:term":[{"taxonomy":"category","embeddable":true,"href":"https:\/\/globalnewsmexico.com\/sitio\/wp-json\/wp\/v2\/categories?post=60904"},{"taxonomy":"post_tag","embeddable":true,"href":"https:\/\/globalnewsmexico.com\/sitio\/wp-json\/wp\/v2\/tags?post=60904"}],"curies":[{"name":"wp","href":"https:\/\/api.w.org\/{rel}","templated":true}]}}