{"id":60905,"date":"2021-02-01T22:27:25","date_gmt":"2021-02-02T04:27:25","guid":{"rendered":"http:\/\/globalnewsmexico.com\/sitio\/?p=60905"},"modified":"2021-02-01T22:27:29","modified_gmt":"2021-02-02T04:27:29","slug":"colima-impone-restricciones-por-covid-19","status":"publish","type":"post","link":"https:\/\/globalnewsmexico.com\/sitio\/colima-impone-restricciones-por-covid-19\/","title":{"rendered":"Colima impone restricciones por Covid-19"},"content":{"rendered":"\n<p>Ante el incremento de casos de\u00a0Covid-19\u00a0en Colima, que vive su segunda curva m\u00e1xima de contagios, el gobernador del estado, Jos\u00e9 Ignacio Peralta S\u00e1nchez, anunci\u00f3 nuevas restricciones para intentar contener la pandemia.<\/p>\n\n\n\n<p>A trav\u00e9s de un mensaje en sus redes sociales, el mandatario estatal inform\u00f3 esta noche que dichas medidas fueron acordadas por el Comando Covid desde el viernes pasado; sin embargo, ser\u00e1 hasta ma\u00f1ana que entrar\u00e1n en vigor, una vez que se publique en el\u00a0Peri\u00f3dico Oficial.<\/p>\n\n\n\n<p>\u201cEl acuerdo obliga a todos los negocios calificados como no esenciales, incluido el\u00a0ambulantaje, a operar \u00fanicamente de lunes a viernes, en un horario de 7 de la ma\u00f1ana a 8 de la noche, s\u00e1bados y domingos no podr\u00e1n abrir. No se permitir\u00e1 acceso a menores de 5 a\u00f1os, mujeres embarazadas y\u00a0personas adultas mayores\u201d, inform\u00f3.<\/p>\n\n\n\n<p>En el caso de los negocios esenciales, Peralta S\u00e1nchez anunci\u00f3 que podr\u00e1n operar en un horario de 7 de la ma\u00f1ana a 10 de la noche y que tanto los negocios esenciales, como los no esenciales, no podr\u00e1n exceder del 25 por ciento del aforo y para hacerlo deber\u00e1n aplicar los correspondientes protocolos sanitarios.<\/p>\n\n\n\n<p>Agreg\u00f3 que en el caso de negocios cuya actividad principal sea la venta y consumo de v\u00edas alcoh\u00f3licas, tendr\u00e1n que permanecer cerrados, despu\u00e9s de que durante muchos meses no han cerrado bares, ni antros, pese a registrar cupo total, sin respetar medidas de sanidad, ni\u00a0sana distancia.<\/p>\n\n\n\n<p>En cuanto a las oficinas p\u00fablicas del Gobierno del Estado, el mandatario inform\u00f3 que deber\u00e1 privilegiarse el trabajo desde casa, de forma obligada para personas de grupos de riesgo, con un aforo no mayor de un 25 por ciento en las oficinas, excepto en las que se realicen actividades esenciales y pidi\u00f3 \u00a0al resto de instituciones p\u00fablicas de otros \u00f3rdenes de gobierno o poderes, que establezcan acciones similares.<\/p>\n\n\n\n<p>\u201cLas clases presenciales contin\u00faan suspendidas y un tema muy importante, deben suspenderse fiestas pues generan aglomeraciones, insisto no fiestas en este momento, cero eventos masivos\u201d, anunci\u00f3.<\/p>\n\n\n\n<p>Para cumplir esto, pidi\u00f3 a los ayuntamientos regular las fiestas en\u00a0domicilios particulares y a las autoridades de Coespris, Protecci\u00f3n Civil y Seguridad P\u00fablica, hacerse cargo de los locales de fiestas.<\/p>\n\n\n\n<p>Fuente: El Heraldo de M\u00e9xico<\/p>\n","protected":false},"excerpt":{"rendered":"<p>Ante el incremento de casos de\u00a0Covid-19\u00a0en Colima, que vive su segunda curva m\u00e1xima de contagios, el gobernador del estado, Jos\u00e9 Ignacio Peralta S\u00e1nchez, anunci\u00f3 nuevas restricciones para intentar contener la pandemia. A trav\u00e9s de un mensaje en sus redes sociales, el mandatario estatal inform\u00f3 esta noche que dichas medidas fueron acordadas por el Comando Covid<a class=\"read-more\" href=\"https:\/\/globalnewsmexico.com\/sitio\/colima-impone-restricciones-por-covid-19\/\">Leer m\u00e1s<\/a><\/p>\n","protected":false},"author":5,"featured_media":50166,"comment_status":"closed","ping_status":"open","sticky":false,"template":"","format":"standard","meta":{"spay_email":"","footnotes":""},"categories":[37,8,49,52],"tags":[],"jetpack_featured_media_url":"https:\/\/i2.wp.com\/globalnewsmexico.com\/sitio\/wp-content\/uploads\/2020\/07\/corren-a-familia-veracruzana-por-sospecha-de-coronavirus-3.jpg?fit=1040%2C693&ssl=1","jetpack_sharing_enabled":true,"jetpack_shortlink":"https:\/\/wp.me\/p9yqPL-fQl","jetpack_likes_enabled":true,"_links":{"self":[{"href":"https:\/\/globalnewsmexico.com\/sitio\/wp-json\/wp\/v2\/posts\/60905"}],"collection":[{"href":"https:\/\/globalnewsmexico.com\/sitio\/wp-json\/wp\/v2\/posts"}],"about":[{"href":"https:\/\/globalnewsmexico.com\/sitio\/wp-json\/wp\/v2\/types\/post"}],"author":[{"embeddable":true,"href":"https:\/\/globalnewsmexico.com\/sitio\/wp-json\/wp\/v2\/users\/5"}],"replies":[{"embeddable":true,"href":"https:\/\/globalnewsmexico.com\/sitio\/wp-json\/wp\/v2\/comments?post=60905"}],"version-history":[{"count":0,"href":"https:\/\/globalnewsmexico.com\/sitio\/wp-json\/wp\/v2\/posts\/60905\/revisions"}],"wp:featuredmedia":[{"embeddable":true,"href":"https:\/\/globalnewsmexico.com\/sitio\/wp-json\/wp\/v2\/media\/50166"}],"wp:attachment":[{"href":"https:\/\/globalnewsmexico.com\/sitio\/wp-json\/wp\/v2\/media?parent=60905"}],"wp:term":[{"taxonomy":"category","embeddable":true,"href":"https:\/\/globalnewsmexico.com\/sitio\/wp-json\/wp\/v2\/categories?post=60905"},{"taxonomy":"post_tag","embeddable":true,"href":"https:\/\/globalnewsmexico.com\/sitio\/wp-json\/wp\/v2\/tags?post=60905"}],"curies":[{"name":"wp","href":"https:\/\/api.w.org\/{rel}","templated":true}]}}