{"id":60961,"date":"2021-02-02T22:38:56","date_gmt":"2021-02-03T04:38:56","guid":{"rendered":"http:\/\/globalnewsmexico.com\/sitio\/?p=60961"},"modified":"2021-02-02T22:39:00","modified_gmt":"2021-02-03T04:39:00","slug":"detienen-a-12-policias-de-tamaulipas-ligados-a-asesinato-de-19-personas-en-camargo","status":"publish","type":"post","link":"https:\/\/globalnewsmexico.com\/sitio\/detienen-a-12-policias-de-tamaulipas-ligados-a-asesinato-de-19-personas-en-camargo\/","title":{"rendered":"Detienen a 12 polic\u00edas de Tamaulipas ligados a asesinato de 19 personas en Camargo"},"content":{"rendered":"\n<p>La Fiscal\u00eda General del Estado de\u00a0Tamaulipas\u00a0inform\u00f3 que han sido\u00a0detenidos 12 polic\u00edas que podr\u00edan estar implicados en el asesinato de 19 personas, cuyos cuerpos fueron hallados calcinados el 22 de enero en el municipio de Camargo.<\/p>\n\n\n\n<p>En conferencia de prensa, el fiscal Irving Barrios Mojica explic\u00f3&nbsp;que los polic\u00edas fueron detenidos por los delitos de homicidio calificado, abuso de autoridad, abuso de funciones administrativas y falsedad en informes dados a la autoridad.<\/p>\n\n\n\n<p>\u00abCobra fuerza la teor\u00eda de la alteraci\u00f3n de la escena del crimen, debido a la ausencia de casquillos y municiones en concordancia con los disparos que presentaba la unidad tipo pick up, as\u00ed como la contradicci\u00f3n entre lo reportado en el informe policial homologado de los hechos y las entrevistas de los elementos policiales que tuvieron conocimiento de los mismos\u00bb, apunt\u00f3.<\/p>\n\n\n\n<p>Indic\u00f3 que los elementos implicados ser\u00e1n puestos a disposici\u00f3n de las autoridades correspondientes pr\u00f3ximamente, para que se resuelva su situaci\u00f3n jur\u00eddica.<\/p>\n\n\n\n<p>Adem\u00e1s, sostuvo que se logr\u00f3 identificar a\u00a0cuatro de las 19 personas asesinadas y calcinadas\u00a0dentro de dos camionetas halladas la semana pasada en el municipio de\u00a0Camargo, de las cuales\u00a0dos eran mexicanas y dos guatemaltecas.<\/p>\n\n\n\n<p>Coment\u00f3 que los dos mexicanos podr\u00edan estar implicados en la trata de personas, mientras que los 15 cuerpos que no han sido identificadas siguen bajo\u00a0an\u00e1lisis de cotejo de ADN.<\/p>\n\n\n\n<p>Fuente: Milenio<\/p>\n","protected":false},"excerpt":{"rendered":"<p>La Fiscal\u00eda General del Estado de\u00a0Tamaulipas\u00a0inform\u00f3 que han sido\u00a0detenidos 12 polic\u00edas que podr\u00edan estar implicados en el asesinato de 19 personas, cuyos cuerpos fueron hallados calcinados el 22 de enero en el municipio de Camargo. En conferencia de prensa, el fiscal Irving Barrios Mojica explic\u00f3&nbsp;que los polic\u00edas fueron detenidos por los delitos de homicidio calificado,<a class=\"read-more\" href=\"https:\/\/globalnewsmexico.com\/sitio\/detienen-a-12-policias-de-tamaulipas-ligados-a-asesinato-de-19-personas-en-camargo\/\">Leer m\u00e1s<\/a><\/p>\n","protected":false},"author":5,"featured_media":60962,"comment_status":"closed","ping_status":"open","sticky":false,"template":"","format":"standard","meta":{"spay_email":"","footnotes":""},"categories":[37,8,49,52],"tags":[],"jetpack_featured_media_url":"https:\/\/i1.wp.com\/globalnewsmexico.com\/sitio\/wp-content\/uploads\/2021\/02\/la-camioneta-quedo-totalmente-calcinada_0_112_768_477.jpeg?fit=958%2C596&ssl=1","jetpack_sharing_enabled":true,"jetpack_shortlink":"https:\/\/wp.me\/p9yqPL-fRf","jetpack_likes_enabled":true,"_links":{"self":[{"href":"https:\/\/globalnewsmexico.com\/sitio\/wp-json\/wp\/v2\/posts\/60961"}],"collection":[{"href":"https:\/\/globalnewsmexico.com\/sitio\/wp-json\/wp\/v2\/posts"}],"about":[{"href":"https:\/\/globalnewsmexico.com\/sitio\/wp-json\/wp\/v2\/types\/post"}],"author":[{"embeddable":true,"href":"https:\/\/globalnewsmexico.com\/sitio\/wp-json\/wp\/v2\/users\/5"}],"replies":[{"embeddable":true,"href":"https:\/\/globalnewsmexico.com\/sitio\/wp-json\/wp\/v2\/comments?post=60961"}],"version-history":[{"count":0,"href":"https:\/\/globalnewsmexico.com\/sitio\/wp-json\/wp\/v2\/posts\/60961\/revisions"}],"wp:featuredmedia":[{"embeddable":true,"href":"https:\/\/globalnewsmexico.com\/sitio\/wp-json\/wp\/v2\/media\/60962"}],"wp:attachment":[{"href":"https:\/\/globalnewsmexico.com\/sitio\/wp-json\/wp\/v2\/media?parent=60961"}],"wp:term":[{"taxonomy":"category","embeddable":true,"href":"https:\/\/globalnewsmexico.com\/sitio\/wp-json\/wp\/v2\/categories?post=60961"},{"taxonomy":"post_tag","embeddable":true,"href":"https:\/\/globalnewsmexico.com\/sitio\/wp-json\/wp\/v2\/tags?post=60961"}],"curies":[{"name":"wp","href":"https:\/\/api.w.org\/{rel}","templated":true}]}}