{"id":60996,"date":"2021-02-03T14:31:20","date_gmt":"2021-02-03T20:31:20","guid":{"rendered":"http:\/\/globalnewsmexico.com\/sitio\/?p=60996"},"modified":"2021-02-03T14:31:24","modified_gmt":"2021-02-03T20:31:24","slug":"diputados-reciben-y-turnan-a-comisiones-iniciativa-de-reforma-electrica-de-amlo","status":"publish","type":"post","link":"https:\/\/globalnewsmexico.com\/sitio\/diputados-reciben-y-turnan-a-comisiones-iniciativa-de-reforma-electrica-de-amlo\/","title":{"rendered":"Diputados reciben y turnan a comisiones iniciativa de reforma el\u00e9ctrica de AMLO"},"content":{"rendered":"\n<p>La C\u00e1mara de Diputados recibi\u00f3 y turn\u00f3 a comisiones la iniciativa de\u00a0reformas a la Ley de la Industria El\u00e9ctrica, presentada con car\u00e1cter preferente por el presidente\u00a0Andr\u00e9s Manuel L\u00f3pez Obrador.<\/p>\n\n\n\n<p>Al comienzo de la primera sesi\u00f3n ordinaria del actual periodo, la diputada presidenta,\u00a0Dulce Mar\u00eda Sauri,\u00a0remiti\u00f3 el proyecto a la Comisi\u00f3n de Energ\u00eda para su dictamen, as\u00ed como a las comisiones de Presupuesto y de Econom\u00eda exclusivamente para opini\u00f3n.<\/p>\n\n\n\n<p>En ese contexto, la Junta de Coordinaci\u00f3n Pol\u00edtica (Jucopo) en el Palacio de San L\u00e1zaro solicit\u00f3 a la Comisi\u00f3n de Energ\u00eda, presidida por el legislador morenista Manuel Rodr\u00edguez Gonz\u00e1lez,\u00a0presentar a la brevedad la ruta para el an\u00e1lisis, discusi\u00f3n y dictamen\u00a0de la propuesta presidencial.<\/p>\n\n\n\n<p>Por el car\u00e1cter preferente de la iniciativa, la C\u00e1mara de Diputados tiene un\u00a0plazo de 30 d\u00edas para votarla y turnarla al Senado, el cual tendr\u00e1 un plazo id\u00e9ntico para desahogarla.<\/p>\n\n\n\n<p>No obstante, por acuerdo de los coordinadores parlamentarios, la propuesta ser\u00e1 previamente discutida en parlamento abierto con la participaci\u00f3n de especialistas y expertos, funcionarios y legisladores, adem\u00e1s de sectores involucrados en la materia.<\/p>\n\n\n\n<p>En su proyecto de reformas a la Ley de la Industria El\u00e9ctrica, el presidente L\u00f3pez Obrador propone modificar el orden de los generadores de energ\u00eda para \u201calimentar\u201d el sistema el\u00e9ctrico nacional, dando\u00a0prioridad a la Comisi\u00f3n Federal de Electricidad (CFE) sobre los particulares.<\/p>\n\n\n\n<p>El primer turno para el despacho de las centrales el\u00e9ctricas corresponder\u00eda a las plantas hidroel\u00e9ctricas de la CFE y en segundo lugar a la nuclear, geot\u00e9rmicas, de ciclos combinados y termoel\u00e9ctricas de la empresa p\u00fablica, dejando en tercer sitio a las e\u00f3licas y solares de inversionistas privados, y hasta el final las de ciclos combinados de particulares y generadores de otras tecnolog\u00edas.<\/p>\n\n\n\n<p>El proyecto de ley prev\u00e9 asimismo eliminar la obligaci\u00f3n de comprar a particulares, por medio de subastas, la energ\u00eda adicional para garantizar cobertura, por considerarlo \u201cuna perversa maquinaci\u00f3n ideada con el \u00fanico prop\u00f3sito de garantizar la rentabilidad de las inversiones de los generadores privados en detrimento de la CFE.<\/p>\n\n\n\n<p>Fuente: Milenio<\/p>\n","protected":false},"excerpt":{"rendered":"<p>La C\u00e1mara de Diputados recibi\u00f3 y turn\u00f3 a comisiones la iniciativa de\u00a0reformas a la Ley de la Industria El\u00e9ctrica, presentada con car\u00e1cter preferente por el presidente\u00a0Andr\u00e9s Manuel L\u00f3pez Obrador. Al comienzo de la primera sesi\u00f3n ordinaria del actual periodo, la diputada presidenta,\u00a0Dulce Mar\u00eda Sauri,\u00a0remiti\u00f3 el proyecto a la Comisi\u00f3n de Energ\u00eda para su dictamen, as\u00ed<a class=\"read-more\" href=\"https:\/\/globalnewsmexico.com\/sitio\/diputados-reciben-y-turnan-a-comisiones-iniciativa-de-reforma-electrica-de-amlo\/\">Leer m\u00e1s<\/a><\/p>\n","protected":false},"author":5,"featured_media":60997,"comment_status":"closed","ping_status":"open","sticky":false,"template":"","format":"standard","meta":{"spay_email":"","footnotes":""},"categories":[37,8,49,52],"tags":[],"jetpack_featured_media_url":"https:\/\/i0.wp.com\/globalnewsmexico.com\/sitio\/wp-content\/uploads\/2021\/02\/camara-de-diputados-camaradediputado_0_17_960_598.jpg?fit=958%2C596&ssl=1","jetpack_sharing_enabled":true,"jetpack_shortlink":"https:\/\/wp.me\/p9yqPL-fRO","jetpack_likes_enabled":true,"_links":{"self":[{"href":"https:\/\/globalnewsmexico.com\/sitio\/wp-json\/wp\/v2\/posts\/60996"}],"collection":[{"href":"https:\/\/globalnewsmexico.com\/sitio\/wp-json\/wp\/v2\/posts"}],"about":[{"href":"https:\/\/globalnewsmexico.com\/sitio\/wp-json\/wp\/v2\/types\/post"}],"author":[{"embeddable":true,"href":"https:\/\/globalnewsmexico.com\/sitio\/wp-json\/wp\/v2\/users\/5"}],"replies":[{"embeddable":true,"href":"https:\/\/globalnewsmexico.com\/sitio\/wp-json\/wp\/v2\/comments?post=60996"}],"version-history":[{"count":0,"href":"https:\/\/globalnewsmexico.com\/sitio\/wp-json\/wp\/v2\/posts\/60996\/revisions"}],"wp:featuredmedia":[{"embeddable":true,"href":"https:\/\/globalnewsmexico.com\/sitio\/wp-json\/wp\/v2\/media\/60997"}],"wp:attachment":[{"href":"https:\/\/globalnewsmexico.com\/sitio\/wp-json\/wp\/v2\/media?parent=60996"}],"wp:term":[{"taxonomy":"category","embeddable":true,"href":"https:\/\/globalnewsmexico.com\/sitio\/wp-json\/wp\/v2\/categories?post=60996"},{"taxonomy":"post_tag","embeddable":true,"href":"https:\/\/globalnewsmexico.com\/sitio\/wp-json\/wp\/v2\/tags?post=60996"}],"curies":[{"name":"wp","href":"https:\/\/api.w.org\/{rel}","templated":true}]}}