{"id":61074,"date":"2021-02-04T22:26:45","date_gmt":"2021-02-05T04:26:45","guid":{"rendered":"http:\/\/globalnewsmexico.com\/sitio\/?p=61074"},"modified":"2021-02-04T22:27:09","modified_gmt":"2021-02-05T04:27:09","slug":"alonso-ancira-permanecera-en-el-reclusorio-norte-juez-dicta-prision-preventiva","status":"publish","type":"post","link":"https:\/\/globalnewsmexico.com\/sitio\/alonso-ancira-permanecera-en-el-reclusorio-norte-juez-dicta-prision-preventiva\/","title":{"rendered":"Alonso Ancira permanecer\u00e1 en el reclusorio Norte; juez dicta prisi\u00f3n preventiva"},"content":{"rendered":"\n<p>El empresario\u00a0Alonso Ancira Elizondo\u00a0permanecer\u00e1 interno en el reclusorio Norte, pues un juez federal decret\u00f3\u00a0prisi\u00f3n preventiva justificada\u00a0en su contra, ante el riesgo de que evada la justicia.<\/p>\n\n\n\n<p>El pr\u00f3ximo martes, a las 10:00 horas, continuar\u00e1 la audiencia de duplicidad, donde se determinar\u00e1 si es\u00a0vinculado a proceso\u00a0por su presunta responsabilidad en el delito de operaciones con recursos de procedencia il\u00edcita.<\/p>\n\n\n\n<p>El presidente del Consejo de Administraci\u00f3n Altos Hornos de M\u00e9xico\u00a0ofreci\u00f3 una\u00a0garant\u00eda de dos millones de d\u00f3lares\u00a0y la entrega de sus dos pasaportes para evitar permanecer en el penal, pero el juzgador dio la raz\u00f3n a la Fiscal\u00eda General de la Rep\u00fablica, la cual argument\u00f3 que cuenta con los recursos para evadir la justicia.<\/p>\n\n\n\n<p>Los fiscales federales argumentaron ante Jos\u00e9 Artemio Z\u00fa\u00f1iga, juez de control del Centro de Justicia Penal Federal del Reclusorio Norte, que Alonso Ancira\u00a0carece de arraigo en la Ciudad de M\u00e9xico y en Monclova, Coahuila.<\/p>\n\n\n\n<p>Adem\u00e1s de que posee la capacidad econ\u00f3mica para escapar y que fue tra\u00eddo a M\u00e9xico mediante extradici\u00f3n, tras haberse dado a la fuga cuando se enter\u00f3 que era investigado por el caso de la venta de la planta chatarra de Agronitrogenados.<\/p>\n\n\n\n<p>El delito que se le imputa al empresario no amerita prisi\u00f3n preventiva oficiosa, pero el juez valor\u00f3 los argumentos de la FGR, la cual ve un riesgo de que se sustraiga de la justicia.<\/p>\n\n\n\n<p>Antes de concluir la audiencia, el empresario manifest\u00f3 estar dispuesto a presentarse de manera peri\u00f3dica al juzgado y portar un brazalete electr\u00f3nico, para demostrar que no evadir\u00eda la justicia.<\/p>\n\n\n\n<p>\u00abSus abogados se\u00f1alaron que la capacidad econ\u00f3mica de su cliente \u201cno puede operar en contrario, m\u00e1xime que es producto del trabajo de toda su vida\u201d, luego de que la Fiscal\u00eda General de la Rep\u00fablica asegur\u00f3 que cuenta con los recursos para escapar.<\/p>\n\n\n\n<p>El litigante indic\u00f3 que los dos domicilios que ofreci\u00f3 Alonso Ancira para enfrentar la medida cautelar de arresto domiciliario, tienen que ver con el de car\u00e1cter particular y laboral.<\/p>\n\n\n\n<p>Expres\u00f3 que la prisi\u00f3n preventiva en el penal lo pondr\u00eda en riesgo tanto por su edad, como por sus enfermedades degenerativas.&nbsp;El abogado record\u00f3 que el recurso de s\u00faplica en Espa\u00f1a se debi\u00f3 a que no estaba de acuerdo con el motivo de la extradici\u00f3n.<\/p>\n\n\n\n<p>Dej\u00f3 claro que la pena que le podr\u00eda corresponder por un delito no puede tomarse como una pena anticipada.<\/p>\n\n\n\n<p>Ancira lleg\u00f3 ayer al pa\u00eds tras ser extraditado de Espa\u00f1a, donde fue detenido en mayo de 2019.<\/p>\n\n\n\n<p>Fuente: Milenio<\/p>\n","protected":false},"excerpt":{"rendered":"<p>El empresario\u00a0Alonso Ancira Elizondo\u00a0permanecer\u00e1 interno en el reclusorio Norte, pues un juez federal decret\u00f3\u00a0prisi\u00f3n preventiva justificada\u00a0en su contra, ante el riesgo de que evada la justicia. El pr\u00f3ximo martes, a las 10:00 horas, continuar\u00e1 la audiencia de duplicidad, donde se determinar\u00e1 si es\u00a0vinculado a proceso\u00a0por su presunta responsabilidad en el delito de operaciones con recursos<a class=\"read-more\" href=\"https:\/\/globalnewsmexico.com\/sitio\/alonso-ancira-permanecera-en-el-reclusorio-norte-juez-dicta-prision-preventiva\/\">Leer m\u00e1s<\/a><\/p>\n","protected":false},"author":5,"featured_media":61075,"comment_status":"closed","ping_status":"open","sticky":false,"template":"","format":"standard","meta":{"spay_email":"","footnotes":""},"categories":[37,8,39,52],"tags":[],"jetpack_featured_media_url":"https:\/\/i1.wp.com\/globalnewsmexico.com\/sitio\/wp-content\/uploads\/2021\/02\/alonso-ancira-elizondo-dueno-altos_0_18_1200_746.jpeg?fit=958%2C596&ssl=1","jetpack_sharing_enabled":true,"jetpack_shortlink":"https:\/\/wp.me\/p9yqPL-fT4","jetpack_likes_enabled":true,"_links":{"self":[{"href":"https:\/\/globalnewsmexico.com\/sitio\/wp-json\/wp\/v2\/posts\/61074"}],"collection":[{"href":"https:\/\/globalnewsmexico.com\/sitio\/wp-json\/wp\/v2\/posts"}],"about":[{"href":"https:\/\/globalnewsmexico.com\/sitio\/wp-json\/wp\/v2\/types\/post"}],"author":[{"embeddable":true,"href":"https:\/\/globalnewsmexico.com\/sitio\/wp-json\/wp\/v2\/users\/5"}],"replies":[{"embeddable":true,"href":"https:\/\/globalnewsmexico.com\/sitio\/wp-json\/wp\/v2\/comments?post=61074"}],"version-history":[{"count":0,"href":"https:\/\/globalnewsmexico.com\/sitio\/wp-json\/wp\/v2\/posts\/61074\/revisions"}],"wp:featuredmedia":[{"embeddable":true,"href":"https:\/\/globalnewsmexico.com\/sitio\/wp-json\/wp\/v2\/media\/61075"}],"wp:attachment":[{"href":"https:\/\/globalnewsmexico.com\/sitio\/wp-json\/wp\/v2\/media?parent=61074"}],"wp:term":[{"taxonomy":"category","embeddable":true,"href":"https:\/\/globalnewsmexico.com\/sitio\/wp-json\/wp\/v2\/categories?post=61074"},{"taxonomy":"post_tag","embeddable":true,"href":"https:\/\/globalnewsmexico.com\/sitio\/wp-json\/wp\/v2\/tags?post=61074"}],"curies":[{"name":"wp","href":"https:\/\/api.w.org\/{rel}","templated":true}]}}