{"id":61161,"date":"2021-02-06T12:45:35","date_gmt":"2021-02-06T18:45:35","guid":{"rendered":"http:\/\/globalnewsmexico.com\/sitio\/?p=61161"},"modified":"2021-02-06T12:45:40","modified_gmt":"2021-02-06T18:45:40","slug":"isabel-ii-celebra-69-anos-de-reinado-bajo-confinamiento-por-covid-19","status":"publish","type":"post","link":"https:\/\/globalnewsmexico.com\/sitio\/isabel-ii-celebra-69-anos-de-reinado-bajo-confinamiento-por-covid-19\/","title":{"rendered":"Isabel II celebra 69 a\u00f1os de reinado bajo confinamiento por Covid-19"},"content":{"rendered":"\n<p>La reina Isabel II\u00a0conmemor\u00f3 su 69 aniversario de asunci\u00f3n al trono\u00a0de Gran Breta\u00f1a, confinada\u00a0junto con su esposo, el Duque de Edimburgo, de 99 a\u00f1os,\u00a0en el castillo de Windsor\u00a0a causa de la\u00a0pandemia de coronavirus, y no en su residencia de Sandringham por primera vez en 30 a\u00f1os.<\/p>\n\n\n\n<p>De acuerdo con expertos, la celebraci\u00f3n ser\u00e1 como\u00a0una jornada m\u00e1s de trabajo, sin actividades especiales y de \u00abmuy bajo perfil\u00bb, pese a que la\u00a0 monarca de 94 a\u00f1os, est\u00e1 a un a\u00f1o de llegar al llamado Jubileo de Platino, que subrayar\u00e1 un hito hist\u00f3rico al marcar sus 70 a\u00f1os como jefa de Estado.<\/p>\n\n\n\n<p>El Covid-19 rompi\u00f3 con la tradici\u00f3n personal que cada a\u00f1o cumpl\u00eda religiosamente la soberana,\u00a0al pasar cada 6 de febrero en Sandringham House, en el condado ingl\u00e9s de Norfolk,\u00a0donde su padre, el rey Jorge VI, falleci\u00f3 a los 56 a\u00f1os, este mismo d\u00eda en 1952, cuando\u00a0Isabel ten\u00eda 25 a\u00f1os.<\/p>\n\n\n\n<p>Este a\u00f1o, Isabel II y el Duque de Edimburgo conmemoran la fecha en el castillo de Windsor, donde reciben los cuidados de un reducido equipo de personal, bautizado como \u00abla burbuja de Su Majestad\u00bb.<\/p>\n\n\n\n<p>La \u00faltima vez que la reina Isabel se ausent\u00f3 de Sandringham durante el aniversario de su ascensi\u00f3n fue en 1990, por encontrarse entonces de visita oficial en Nueva Zelanda. Pero tambi\u00e9n otras visitas de larga duraci\u00f3n en la d\u00e9cada de los 50 y de los 60 la han mantenido apartada de su pa\u00eds en el mes de febrero.<\/p>\n\n\n\n<h2 class=\"wp-block-heading\">\u00bfEn que consiste la conmemoraci\u00f3n de la fecha?<\/h2>\n\n\n\n<p>De acuerdo con el experto en realeza Joe Little, editor de la revista brit\u00e1nica mensual Majesty, a la soberana \u00able gusta pasar ese d\u00eda de manera tranquila, rememorando el fallecimiento de su padre, as\u00ed que, sin duda, no es un d\u00eda para celebrar\u00bb.<\/p>\n\n\n\n<p>Seg\u00fan Little, el hecho de que hayan pasado 69 a\u00f1os de la muerte del rey Jorge VI ha \u00abdisipado un poco\u00bb el dolor que conlleva la fecha \u00abpero claramente se trata de un d\u00eda muy importante para ella y siempre ser\u00e1 as\u00ed\u00bb.<\/p>\n\n\n\n<p>Durante el aniversario, la Reina suele enfrascarse en oraciones privadas en memoria de su padre y es posible, que hoy contin\u00fae la tradici\u00f3n en la capilla privada del Castillo de Windsor aunque, en cualquier caso, sus actividades ser\u00e1n \u00abde muy bajo perfil\u00bb.<\/p>\n\n\n\n<p>En cualquier caso, desde Buckingham Palace, la residencia oficial en Londres de la monarca, no han hecho ning\u00fan comentario para revelar los planes de Isabel II.<\/p>\n\n\n\n<p>Fuente: Agencias<\/p>\n","protected":false},"excerpt":{"rendered":"<p>La reina Isabel II\u00a0conmemor\u00f3 su 69 aniversario de asunci\u00f3n al trono\u00a0de Gran Breta\u00f1a, confinada\u00a0junto con su esposo, el Duque de Edimburgo, de 99 a\u00f1os,\u00a0en el castillo de Windsor\u00a0a causa de la\u00a0pandemia de coronavirus, y no en su residencia de Sandringham por primera vez en 30 a\u00f1os. De acuerdo con expertos, la celebraci\u00f3n ser\u00e1 como\u00a0una jornada<a class=\"read-more\" href=\"https:\/\/globalnewsmexico.com\/sitio\/isabel-ii-celebra-69-anos-de-reinado-bajo-confinamiento-por-covid-19\/\">Leer m\u00e1s<\/a><\/p>\n","protected":false},"author":5,"featured_media":61162,"comment_status":"closed","ping_status":"open","sticky":false,"template":"","format":"standard","meta":{"spay_email":"","footnotes":""},"categories":[37,8,48,52],"tags":[],"jetpack_featured_media_url":"https:\/\/i2.wp.com\/globalnewsmexico.com\/sitio\/wp-content\/uploads\/2021\/02\/reina-isabel-ii-permanece-confinamiento.jpg?fit=958%2C596&ssl=1","jetpack_sharing_enabled":true,"jetpack_shortlink":"https:\/\/wp.me\/p9yqPL-fUt","jetpack_likes_enabled":true,"_links":{"self":[{"href":"https:\/\/globalnewsmexico.com\/sitio\/wp-json\/wp\/v2\/posts\/61161"}],"collection":[{"href":"https:\/\/globalnewsmexico.com\/sitio\/wp-json\/wp\/v2\/posts"}],"about":[{"href":"https:\/\/globalnewsmexico.com\/sitio\/wp-json\/wp\/v2\/types\/post"}],"author":[{"embeddable":true,"href":"https:\/\/globalnewsmexico.com\/sitio\/wp-json\/wp\/v2\/users\/5"}],"replies":[{"embeddable":true,"href":"https:\/\/globalnewsmexico.com\/sitio\/wp-json\/wp\/v2\/comments?post=61161"}],"version-history":[{"count":0,"href":"https:\/\/globalnewsmexico.com\/sitio\/wp-json\/wp\/v2\/posts\/61161\/revisions"}],"wp:featuredmedia":[{"embeddable":true,"href":"https:\/\/globalnewsmexico.com\/sitio\/wp-json\/wp\/v2\/media\/61162"}],"wp:attachment":[{"href":"https:\/\/globalnewsmexico.com\/sitio\/wp-json\/wp\/v2\/media?parent=61161"}],"wp:term":[{"taxonomy":"category","embeddable":true,"href":"https:\/\/globalnewsmexico.com\/sitio\/wp-json\/wp\/v2\/categories?post=61161"},{"taxonomy":"post_tag","embeddable":true,"href":"https:\/\/globalnewsmexico.com\/sitio\/wp-json\/wp\/v2\/tags?post=61161"}],"curies":[{"name":"wp","href":"https:\/\/api.w.org\/{rel}","templated":true}]}}