{"id":61190,"date":"2021-02-08T09:54:21","date_gmt":"2021-02-08T15:54:21","guid":{"rendered":"http:\/\/globalnewsmexico.com\/sitio\/?p=61190"},"modified":"2021-02-08T09:54:26","modified_gmt":"2021-02-08T15:54:26","slug":"vacuna-anticovid-de-astrazeneca-podria-llegar-a-mexico-esta-semana","status":"publish","type":"post","link":"https:\/\/globalnewsmexico.com\/sitio\/vacuna-anticovid-de-astrazeneca-podria-llegar-a-mexico-esta-semana\/","title":{"rendered":"Vacuna anticovid de AstraZeneca podr\u00eda llegar a M\u00e9xico esta semana"},"content":{"rendered":"\n<p>El presidente Andr\u00e9s Manuel L\u00f3pez Obrador dijo que\u00a0es \u201cmuy probable\u201d que esta semana lleguen, desde India a M\u00e9xico, cerca de un mill\u00f3n de dosis de la\u00a0vacuna anticovid de la\u00a0farmac\u00e9utica\u00a0AstraZeneca.<\/p>\n\n\n\n<p>Al reaparecer en conferencia de prensa matutina en Palacio Nacional, tras haberse contagiado de Covid-19, el mandatario inform\u00f3 que los env\u00edos de la vacuna de Pfizer se reanudar\u00e1n a m\u00e1s tardar el 18 de febrero.<\/p>\n\n\n\n<p>\u00abSe logr\u00f3 tambi\u00e9n el que se reinicie el env\u00edo de vacunas Pfizer a partir del 10 de este mes, ese fue el compromiso, del 10 al 18 de febrero tendr\u00edamos de nuevo vacunas Pfizer; la vacuna AstraZeneca ya se est\u00e1 produciendo en M\u00e9xico, se est\u00e1 envasando, vamos a contar con las dosis suficientes.<\/p>\n\n\n\n<p>\u00abEs muy probable que antes que termine la semana lleguen como\u00a0un mill\u00f3n de dosis de AstraZeneca\u00a0de la India y all\u00e1 se est\u00e1n haciendo los tr\u00e1mites, intervienen los diplom\u00e1ticos, la Secretar\u00eda de Relaciones Exteriores, el canciller de la India, todo eso se est\u00e1 llevando a cabo para que tengamos la vacuna\u00bb, coment\u00f3.<\/p>\n\n\n\n<p>L\u00f3pez Obrador dijo que la vacuna AstraZeneca ya se est\u00e1 produciendo en M\u00e9xico y se est\u00e1 envasando, por lo que \u00abvamos a contar con las dosis suficientes\u00bb y as\u00ed vacunar a la poblaci\u00f3n, a\u00a0todos los adultos mayores.<\/p>\n\n\n\n<p>\u00abEl prop\u00f3sito es que logremos a\u00fan en una primera dosis vacunar a todos los adultos mayores del pa\u00eds a finales de marzo, seguimos sosteniendo ese plan, que podamos vacunar a todos los\u00a0adultos mayores de 60 a\u00f1os, a finales de marzo, a\u00fan con una primera dosis y terminar de vacunarlos en segunda dosis en abril, es el prop\u00f3sito.<\/p>\n\n\n\n<p>Al mismo tiempo ir vacunando maestros para el regreso a clases presenciales, como hicimos en Campeche tan luego venga la vacuna Pfizer otro env\u00edo terminamos de vacunar a los m\u00e9dicos de Campeche y podemos pensar en reinicio a clases y tambi\u00e9n a los adultos mayores de ese estado\u00bb, a\u00f1adi\u00f3.<\/p>\n\n\n\n<p>Fuente: Milenio<\/p>\n","protected":false},"excerpt":{"rendered":"<p>El presidente Andr\u00e9s Manuel L\u00f3pez Obrador dijo que\u00a0es \u201cmuy probable\u201d que esta semana lleguen, desde India a M\u00e9xico, cerca de un mill\u00f3n de dosis de la\u00a0vacuna anticovid de la\u00a0farmac\u00e9utica\u00a0AstraZeneca. Al reaparecer en conferencia de prensa matutina en Palacio Nacional, tras haberse contagiado de Covid-19, el mandatario inform\u00f3 que los env\u00edos de la vacuna de Pfizer<a class=\"read-more\" href=\"https:\/\/globalnewsmexico.com\/sitio\/vacuna-anticovid-de-astrazeneca-podria-llegar-a-mexico-esta-semana\/\">Leer m\u00e1s<\/a><\/p>\n","protected":false},"author":5,"featured_media":61192,"comment_status":"closed","ping_status":"open","sticky":false,"template":"","format":"standard","meta":{"spay_email":"","footnotes":""},"categories":[37,8,39,52],"tags":[],"jetpack_featured_media_url":"https:\/\/i0.wp.com\/globalnewsmexico.com\/sitio\/wp-content\/uploads\/2021\/02\/vacuna-2.jpg?fit=1024%2C688&ssl=1","jetpack_sharing_enabled":true,"jetpack_shortlink":"https:\/\/wp.me\/p9yqPL-fUW","jetpack_likes_enabled":true,"_links":{"self":[{"href":"https:\/\/globalnewsmexico.com\/sitio\/wp-json\/wp\/v2\/posts\/61190"}],"collection":[{"href":"https:\/\/globalnewsmexico.com\/sitio\/wp-json\/wp\/v2\/posts"}],"about":[{"href":"https:\/\/globalnewsmexico.com\/sitio\/wp-json\/wp\/v2\/types\/post"}],"author":[{"embeddable":true,"href":"https:\/\/globalnewsmexico.com\/sitio\/wp-json\/wp\/v2\/users\/5"}],"replies":[{"embeddable":true,"href":"https:\/\/globalnewsmexico.com\/sitio\/wp-json\/wp\/v2\/comments?post=61190"}],"version-history":[{"count":0,"href":"https:\/\/globalnewsmexico.com\/sitio\/wp-json\/wp\/v2\/posts\/61190\/revisions"}],"wp:featuredmedia":[{"embeddable":true,"href":"https:\/\/globalnewsmexico.com\/sitio\/wp-json\/wp\/v2\/media\/61192"}],"wp:attachment":[{"href":"https:\/\/globalnewsmexico.com\/sitio\/wp-json\/wp\/v2\/media?parent=61190"}],"wp:term":[{"taxonomy":"category","embeddable":true,"href":"https:\/\/globalnewsmexico.com\/sitio\/wp-json\/wp\/v2\/categories?post=61190"},{"taxonomy":"post_tag","embeddable":true,"href":"https:\/\/globalnewsmexico.com\/sitio\/wp-json\/wp\/v2\/tags?post=61190"}],"curies":[{"name":"wp","href":"https:\/\/api.w.org\/{rel}","templated":true}]}}