{"id":61197,"date":"2021-02-08T10:58:58","date_gmt":"2021-02-08T16:58:58","guid":{"rendered":"http:\/\/globalnewsmexico.com\/sitio\/?p=61197"},"modified":"2021-02-08T10:59:04","modified_gmt":"2021-02-08T16:59:04","slug":"amlo-retomara-giras-tras-contagio-de-covid-pero-descarta-usar-cubrebocas","status":"publish","type":"post","link":"https:\/\/globalnewsmexico.com\/sitio\/amlo-retomara-giras-tras-contagio-de-covid-pero-descarta-usar-cubrebocas\/","title":{"rendered":"AMLO retomar\u00e1 giras tras contagio de covid, pero descarta usar cubrebocas"},"content":{"rendered":"\n<p>Luego de su contagio de Covid-19, el presidente Andr\u00e9s Manuel L\u00f3pez Obrador continuar\u00e1 con sus giras de trabajo por la Rep\u00fablica Mexicana; sin embargo, descart\u00f3 el uso de cubrebocas para sus eventos p\u00fablicos.<\/p>\n\n\n\n<p>Durante la\u00a0conferencia ma\u00f1anera, el jefe del Ejecutivo destac\u00f3 que el ejercicio f\u00edsico y la buena alimentaci\u00f3n le ayudaron a su recuperaci\u00f3n, pues considera que practicando alg\u00fan deporte y comiendo saludable \u201cse resiste mejor\u201d a cualquier enfermedad.<\/p>\n\n\n\n<p>En su primera conferencia ma\u00f1anera tras convalecer dos semanas anunci\u00f3 que esta semana retomar\u00e1 eventos p\u00fablicos con la\u00a0conmemoraci\u00f3n del D\u00eda de la Lealtad\u00a0y la inauguraci\u00f3n de la base a\u00e9rea militar en el aeropuerto de Santa Luc\u00eda.<\/p>\n\n\n\n<p>\u201cTengo que seguir en actividades. (\u2026)\u00a0Tengo que seguir haciendo lo mismo y desde luego trabajando. Ma\u00f1ana vamos a la ceremonia del D\u00eda de la Lealtad, \u00a1imag\u00ednense! \u00bfc\u00f3mo no voy a estar en esa fecha tan importante? El mi\u00e9rcoles vamos a estar en la inauguraci\u00f3n de la base a\u00e9rea militar en el aeropuerto Felipe \u00c1ngeles\u201d, dijo.<\/p>\n\n\n\n<p>El mandatario indic\u00f3 que su gira presidencial de los fines de semana continuar\u00e1 en Oaxaca el pr\u00f3ximo domingo, para\u00a0iniciar las conmemoraciones por los 200 a\u00f1os\u00a0de la Independencia en Cuilapan, lugar donde fue asesinado Vicente Guerrero, \u201centonces voy a estar all\u00ed y seguimos adelante\u201d, coment\u00f3.<\/p>\n\n\n\n<p>Sin embargo, cuando se le cuestion\u00f3 sobre el uso de cubrebocas durante sus eventos,\u00a0L\u00f3pez Obrador desech\u00f3 la posibilidad de usarlo.<\/p>\n\n\n\n<p>\u201cNo, no, de acuerdo a\u00a0lo que plantean los m\u00e9dicos ya no contagio. No, y respeto mucho al doctor (Hugo) L\u00f3pez-Gatell, es un buen m\u00e9dico y ha ayudado mucho a conducir este proceso\u201d, a\u00f1adi\u00f3.<\/p>\n\n\n\n<p>Fuente: Milenio<\/p>\n","protected":false},"excerpt":{"rendered":"<p>Luego de su contagio de Covid-19, el presidente Andr\u00e9s Manuel L\u00f3pez Obrador continuar\u00e1 con sus giras de trabajo por la Rep\u00fablica Mexicana; sin embargo, descart\u00f3 el uso de cubrebocas para sus eventos p\u00fablicos. Durante la\u00a0conferencia ma\u00f1anera, el jefe del Ejecutivo destac\u00f3 que el ejercicio f\u00edsico y la buena alimentaci\u00f3n le ayudaron a su recuperaci\u00f3n, pues<a class=\"read-more\" href=\"https:\/\/globalnewsmexico.com\/sitio\/amlo-retomara-giras-tras-contagio-de-covid-pero-descarta-usar-cubrebocas\/\">Leer m\u00e1s<\/a><\/p>\n","protected":false},"author":5,"featured_media":61198,"comment_status":"closed","ping_status":"open","sticky":false,"template":"","format":"standard","meta":{"spay_email":"","footnotes":""},"categories":[37,8,40,52],"tags":[],"jetpack_featured_media_url":"https:\/\/i1.wp.com\/globalnewsmexico.com\/sitio\/wp-content\/uploads\/2021\/02\/lopez-obrador-rehuso-cubrebocas-giras_0_0_0_0.jpg?fit=958%2C596&ssl=1","jetpack_sharing_enabled":true,"jetpack_shortlink":"https:\/\/wp.me\/p9yqPL-fV3","jetpack_likes_enabled":true,"_links":{"self":[{"href":"https:\/\/globalnewsmexico.com\/sitio\/wp-json\/wp\/v2\/posts\/61197"}],"collection":[{"href":"https:\/\/globalnewsmexico.com\/sitio\/wp-json\/wp\/v2\/posts"}],"about":[{"href":"https:\/\/globalnewsmexico.com\/sitio\/wp-json\/wp\/v2\/types\/post"}],"author":[{"embeddable":true,"href":"https:\/\/globalnewsmexico.com\/sitio\/wp-json\/wp\/v2\/users\/5"}],"replies":[{"embeddable":true,"href":"https:\/\/globalnewsmexico.com\/sitio\/wp-json\/wp\/v2\/comments?post=61197"}],"version-history":[{"count":0,"href":"https:\/\/globalnewsmexico.com\/sitio\/wp-json\/wp\/v2\/posts\/61197\/revisions"}],"wp:featuredmedia":[{"embeddable":true,"href":"https:\/\/globalnewsmexico.com\/sitio\/wp-json\/wp\/v2\/media\/61198"}],"wp:attachment":[{"href":"https:\/\/globalnewsmexico.com\/sitio\/wp-json\/wp\/v2\/media?parent=61197"}],"wp:term":[{"taxonomy":"category","embeddable":true,"href":"https:\/\/globalnewsmexico.com\/sitio\/wp-json\/wp\/v2\/categories?post=61197"},{"taxonomy":"post_tag","embeddable":true,"href":"https:\/\/globalnewsmexico.com\/sitio\/wp-json\/wp\/v2\/tags?post=61197"}],"curies":[{"name":"wp","href":"https:\/\/api.w.org\/{rel}","templated":true}]}}