{"id":61284,"date":"2021-02-09T15:19:59","date_gmt":"2021-02-09T21:19:59","guid":{"rendered":"http:\/\/globalnewsmexico.com\/sitio\/?p=61284"},"modified":"2021-02-09T15:20:04","modified_gmt":"2021-02-09T21:20:04","slug":"jessica-ramirez-su-vision-de-una-minatitlan-moderna","status":"publish","type":"post","link":"https:\/\/globalnewsmexico.com\/sitio\/jessica-ramirez-su-vision-de-una-minatitlan-moderna\/","title":{"rendered":"Jessica Ram\u00edrez: su visi\u00f3n de una Minatitl\u00e1n moderna"},"content":{"rendered":"\n<p>Jessica Ram\u00edrez Cisneros inscribi\u00f3 en Morena su precandidatura a la Presidencia Municipal y, a trav\u00e9s de un video, plante\u00f3 a la militancia de su partido su visi\u00f3n del Minatitl\u00e1n del futuro.<\/p>\n\n\n\n<p><strong>-\u00bfJessica, qu\u00e9 por qu\u00e9 quieres ser Presidenta Municipal?<\/strong><\/p>\n\n\n\n<p>Minatitl\u00e1n tiene que ser parte plena de la Cuarta Transformaci\u00f3n y estoy segura de tener la experiencia, la capacidad, el compromiso, la energ\u00eda f\u00edsica y los respaldos necesarios entre la sociedad para encabezar este proyecto.<\/p>\n\n\n\n<p>Yo fund\u00e9 Morena en Minatitl\u00e1n con otros compa\u00f1eros. Caminamos de casa en casa repartiendo el peri\u00f3dico Regeneraci\u00f3n, movidos por el liderazgo de Andr\u00e9s Manuel L\u00f3pez Obrador, que ahora es nuestro Presidente.<\/p>\n\n\n\n<p>Quiero servir a Minatitl\u00e1n porque aqu\u00ed nac\u00ed, de aqu\u00ed son mis abuelos y de aqu\u00ed son mis hijos.<\/p>\n\n\n\n<p>Quiero servir a Minatitl\u00e1n porque considero que puedo aportar una mirada fresca, moderna, l\u00facida de los nuevos tiempos.<\/p>\n\n\n\n<p>Quiero servir a Minatitl\u00e1n porque soy parte del pueblo, de la cultura del trabajo duro, de levantarse muy temprano, de ser humilde.<\/p>\n\n\n\n<p>Merecemos un Minatitl\u00e1n moderno, seguro, que no se inunde, que tenga espacios de convivencia, que sea una ciudad emblema de la modernidad, del progreso, del cuidado del medio ambiente.<\/p>\n\n\n\n<p>Una ciudad que vea al futuro, que se proyecte en el porvenir.<\/p>\n\n\n\n<p><strong>-\u00bfQui\u00e9nes te respaldan?<\/strong><\/p>\n\n\n\n<p>Es un respaldo amplio, plural, de base, que integra a numerosos grupos y sectores.<\/p>\n\n\n\n<p>Una clave del \u00e9xito en un movimiento de transformaci\u00f3n es incluir a todos, que nadie se sienta extra\u00f1o, relegado o dejado a un lado.<\/p>\n\n\n\n<p>Hemos trabajado por dos a\u00f1os recorriendo nuestro distrito. Hoy cuento con el respaldo de la zona rural, de amas de casa, de j\u00f3venes deportistas, de taxistas, de empresarios, de obreros, de comerciantes. Hoy la Central de Abastos me demuestra tambi\u00e9n su respaldo.<\/p>\n\n\n\n<p><strong>-\u00bfC\u00f3mo ve la contienda pol\u00edtica actual?<\/strong><\/p>\n\n\n\n<p>Creo que debemos brindar a la gente una contienda de ideas.<\/p>\n\n\n\n<p>Aspiro a contribuir a que Minatitl\u00e1n tenga un debate de altura, de contenidos, de propuestas concretas, factibles, necesarias y oportunas, que son las que yo pienso presentar y de las que ya adelant\u00e9 algunos aspectos.<\/p>\n\n\n\n<p>Veo una contienda en la que la gente se sienta incluida, las colonias populares, las comunidades rurales.<\/p>\n\n\n\n<p>Una contienda en la que el protagonismo lo tenga la Cuarta Transformaci\u00f3n en Mina con la gente al centro, con sus desaf\u00edos, sus carencias, sus rezagos, pero tambi\u00e9n sus fortalezas, sus ganas de salir adelante, de hacer prosperar a sus familias.<\/p>\n\n\n\n<p>Contestando tu pregunta: creo que debe ser un debate de ideas, no de grillas.<\/p>\n\n\n\n<p><strong>-O sea, \u00bft\u00fa ya tienes proyectos en mente?<\/strong><\/p>\n\n\n\n<p>-\u00a1Los tengo clar\u00edsimos!<\/p>\n\n\n\n<p>Los tengo en la mente, en papel y en computadora.<\/p>\n\n\n\n<p>Por disposiciones legales no los puedo compartir todav\u00eda muchos detalles, pero estoy trabajando con gente de Minatitl\u00e1n y tengo los contactos en Xalapa y en la Ciudad de M\u00e9xico para hacerlos realidad.<\/p>\n\n\n\n<p>Tengo la abierta la ruta para gestionar los recursos, no son proyectos s\u00f3lo de buenos deseos, sino proyectos que son posibles porque yo ya tengo el mecanismo para que sean presupuestalmente viables.<\/p>\n\n\n\n<p>\u00a1Te puedo decir que de algunos proyectos hasta tenemos los planos y las im\u00e1genes virtuales! Ingenieros y arquitectos de Mina que conf\u00edan en la Cuarta Transformaci\u00f3n se han sumado. Y la propia gente, en los recorridos, te va diciendo qu\u00e9 es lo que hace falta, qu\u00e9 obra es la que urge. Muchas veces la gente te plantea un problema, pero tambi\u00e9n te orientan sobre la soluci\u00f3n.<\/p>\n\n\n\n<p>As\u00ed de avanzados estamos y as\u00ed de seguros estamos.<\/p>\n\n\n\n<p><strong>-Jessica, \u00bft\u00fa qu\u00e9 estudiaste?<\/strong><\/p>\n\n\n\n<p>Yo soy orgulloso producto de las escuelas p\u00fablicas. De la ETI 88, del CBTIS 213; y desde luego, del maravilloso Tecnol\u00f3gico de Minatitl\u00e1n.<\/p>\n\n\n\n<p>De ah\u00ed sal\u00ed Licenciada en Administraci\u00f3n de Empresas.<\/p>\n\n\n\n<p>No es un tema menor, porque la escuela te forma acad\u00e9micamente, pero tambi\u00e9n te integra a la comunidad, te hace parte de la sociedad, porque dices: \u00ab\u00bffulano, zutano?, s\u00ed, claro, estudi\u00f3 conmigo en la ETI, su mam\u00e1 nos invitaba a su casa. \u00bfPerengano?, s\u00ed, claro, iba en el TEC, nos \u00edbamos juntos en cami\u00f3n, pero \u00e9l estudi\u00f3 otra cosa\u00bb. Las escuelas son factores de integraci\u00f3n a una sociedad, son el espacio de nuestros primeros lazos con nuestra tierra.<\/p>\n\n\n\n<p>Espec\u00edficamente, las escuelas de Gobierno son una formaci\u00f3n muy importante, porque encarnan la experiencia del pueblo que quiere que sus hijos prosperen, se preparen, tengan oportunidades que sus pap\u00e1s y sus abuelitos no tuvieron.<\/p>\n\n\n\n<p><strong>-\u00bfC\u00f3mo es tu familia?\u00bfTe apoyan?<\/strong><\/p>\n\n\n\n<p>\u00a1Me apoyan much\u00edsimo! Soy esposa, mam\u00e1 de dos ni\u00f1os. Mam\u00e1 trabajadora y que adem\u00e1s ten\u00eda que viajar a Xalapa seguido y cuando ven\u00eda a Mina era para seguir trabajando.<\/p>\n\n\n\n<p>Por eso entiendo a las mam\u00e1s trabajadoras, porque soy una de ellas.<\/p>\n","protected":false},"excerpt":{"rendered":"<p>Jessica Ram\u00edrez Cisneros inscribi\u00f3 en Morena su precandidatura a la Presidencia Municipal y, a trav\u00e9s de un video, plante\u00f3 a la militancia de su partido su visi\u00f3n del Minatitl\u00e1n del futuro. -\u00bfJessica, qu\u00e9 por qu\u00e9 quieres ser Presidenta Municipal? Minatitl\u00e1n tiene que ser parte plena de la Cuarta Transformaci\u00f3n y estoy segura de tener la<a class=\"read-more\" href=\"https:\/\/globalnewsmexico.com\/sitio\/jessica-ramirez-su-vision-de-una-minatitlan-moderna\/\">Leer m\u00e1s<\/a><\/p>\n","protected":false},"author":5,"featured_media":61285,"comment_status":"closed","ping_status":"open","sticky":false,"template":"","format":"standard","meta":{"spay_email":"","footnotes":""},"categories":[37,8,50,52],"tags":[],"jetpack_featured_media_url":"https:\/\/i2.wp.com\/globalnewsmexico.com\/sitio\/wp-content\/uploads\/2021\/02\/54647ec9-a980-47c1-80be-0712033a00b8.jpg?fit=1024%2C682&ssl=1","jetpack_sharing_enabled":true,"jetpack_shortlink":"https:\/\/wp.me\/p9yqPL-fWs","jetpack_likes_enabled":true,"_links":{"self":[{"href":"https:\/\/globalnewsmexico.com\/sitio\/wp-json\/wp\/v2\/posts\/61284"}],"collection":[{"href":"https:\/\/globalnewsmexico.com\/sitio\/wp-json\/wp\/v2\/posts"}],"about":[{"href":"https:\/\/globalnewsmexico.com\/sitio\/wp-json\/wp\/v2\/types\/post"}],"author":[{"embeddable":true,"href":"https:\/\/globalnewsmexico.com\/sitio\/wp-json\/wp\/v2\/users\/5"}],"replies":[{"embeddable":true,"href":"https:\/\/globalnewsmexico.com\/sitio\/wp-json\/wp\/v2\/comments?post=61284"}],"version-history":[{"count":0,"href":"https:\/\/globalnewsmexico.com\/sitio\/wp-json\/wp\/v2\/posts\/61284\/revisions"}],"wp:featuredmedia":[{"embeddable":true,"href":"https:\/\/globalnewsmexico.com\/sitio\/wp-json\/wp\/v2\/media\/61285"}],"wp:attachment":[{"href":"https:\/\/globalnewsmexico.com\/sitio\/wp-json\/wp\/v2\/media?parent=61284"}],"wp:term":[{"taxonomy":"category","embeddable":true,"href":"https:\/\/globalnewsmexico.com\/sitio\/wp-json\/wp\/v2\/categories?post=61284"},{"taxonomy":"post_tag","embeddable":true,"href":"https:\/\/globalnewsmexico.com\/sitio\/wp-json\/wp\/v2\/tags?post=61284"}],"curies":[{"name":"wp","href":"https:\/\/api.w.org\/{rel}","templated":true}]}}