{"id":61310,"date":"2021-02-10T09:54:55","date_gmt":"2021-02-10T15:54:55","guid":{"rendered":"http:\/\/globalnewsmexico.com\/sitio\/?p=61310"},"modified":"2021-02-10T09:55:07","modified_gmt":"2021-02-10T15:55:07","slug":"juez-dicta-auto-de-formal-prision-contra-mario-marin-por-tortura","status":"publish","type":"post","link":"https:\/\/globalnewsmexico.com\/sitio\/juez-dicta-auto-de-formal-prision-contra-mario-marin-por-tortura\/","title":{"rendered":"Juez dicta auto de formal prisi\u00f3n contra Mario Mar\u00edn, por tortura"},"content":{"rendered":"\n<p>El Juzgado Segundo de Distrito en Quintana Roo dict\u00f3 auto de formal prisi\u00f3n contra de\u00a0Mario Mar\u00edn, exgobernador de\u00a0Puebla, por el delito de tortura en agravio de la periodista y activista Lydia Cacho.<\/p>\n\n\n\n<p>La&nbsp;Organizaci\u00f3n Internacional de Derechos Humanos por la defensa de la libertad de expresi\u00f3n y el derecho a la informaci\u00f3n, Art\u00edculo 19, celebr\u00f3 en su cuenta de Twitter la resoluci\u00f3n del juez.&nbsp;<\/p>\n\n\n\n<p>\u00abARTICLE 19 y\u00a0@lydiacachosi\u00a0celebran la resoluci\u00f3n del Juzgado Segundo de Distrito en Quintana Roo, por medio de la cual se dict\u00f3 el auto de formal prisi\u00f3n contra de Mario Mar\u00edn, ex gobernador de Puebla, por el delito de tortura en agravio de la periodista y activista\u00bb, se inform\u00f3.\u00a0<\/p>\n\n\n\n<p>En el tuit se detall\u00f3 que \u00abla justicia no ser\u00e1 plena hasta que el exgobernador sea condenado y, junto a \u00e9l, todos los autores intelectuales que permanecen pr\u00f3fugos. Adem\u00e1s debe ser garantizada la reparaci\u00f3n integral de los da\u00f1os para Lydia Cacho\u00a0y su familia\u00bb.<\/p>\n\n\n\n<p>Mario Mar\u00edn, &#8216;El Gober Precioso&#8217;, fue capturado por la Fiscal\u00eda General de la Rep\u00fablica (FGR) en\u00a0Acapulco, Guerrero,\u00a0tras un cateo en un inmueble, revelaron funcionarios del Gobierno federal.<\/p>\n\n\n\n<p>Fuente: Milenio<\/p>\n","protected":false},"excerpt":{"rendered":"<p>El Juzgado Segundo de Distrito en Quintana Roo dict\u00f3 auto de formal prisi\u00f3n contra de\u00a0Mario Mar\u00edn, exgobernador de\u00a0Puebla, por el delito de tortura en agravio de la periodista y activista Lydia Cacho. La&nbsp;Organizaci\u00f3n Internacional de Derechos Humanos por la defensa de la libertad de expresi\u00f3n y el derecho a la informaci\u00f3n, Art\u00edculo 19, celebr\u00f3 en<a class=\"read-more\" href=\"https:\/\/globalnewsmexico.com\/sitio\/juez-dicta-auto-de-formal-prision-contra-mario-marin-por-tortura\/\">Leer m\u00e1s<\/a><\/p>\n","protected":false},"author":5,"featured_media":61311,"comment_status":"closed","ping_status":"open","sticky":false,"template":"","format":"standard","meta":{"spay_email":"","footnotes":""},"categories":[37,8,49,52],"tags":[],"jetpack_featured_media_url":"https:\/\/i2.wp.com\/globalnewsmexico.com\/sitio\/wp-content\/uploads\/2021\/02\/mario-marin-gobernador-puebla-octavio_0_2_1200_746.jpeg?fit=958%2C596&ssl=1","jetpack_sharing_enabled":true,"jetpack_shortlink":"https:\/\/wp.me\/p9yqPL-fWS","jetpack_likes_enabled":true,"_links":{"self":[{"href":"https:\/\/globalnewsmexico.com\/sitio\/wp-json\/wp\/v2\/posts\/61310"}],"collection":[{"href":"https:\/\/globalnewsmexico.com\/sitio\/wp-json\/wp\/v2\/posts"}],"about":[{"href":"https:\/\/globalnewsmexico.com\/sitio\/wp-json\/wp\/v2\/types\/post"}],"author":[{"embeddable":true,"href":"https:\/\/globalnewsmexico.com\/sitio\/wp-json\/wp\/v2\/users\/5"}],"replies":[{"embeddable":true,"href":"https:\/\/globalnewsmexico.com\/sitio\/wp-json\/wp\/v2\/comments?post=61310"}],"version-history":[{"count":0,"href":"https:\/\/globalnewsmexico.com\/sitio\/wp-json\/wp\/v2\/posts\/61310\/revisions"}],"wp:featuredmedia":[{"embeddable":true,"href":"https:\/\/globalnewsmexico.com\/sitio\/wp-json\/wp\/v2\/media\/61311"}],"wp:attachment":[{"href":"https:\/\/globalnewsmexico.com\/sitio\/wp-json\/wp\/v2\/media?parent=61310"}],"wp:term":[{"taxonomy":"category","embeddable":true,"href":"https:\/\/globalnewsmexico.com\/sitio\/wp-json\/wp\/v2\/categories?post=61310"},{"taxonomy":"post_tag","embeddable":true,"href":"https:\/\/globalnewsmexico.com\/sitio\/wp-json\/wp\/v2\/tags?post=61310"}],"curies":[{"name":"wp","href":"https:\/\/api.w.org\/{rel}","templated":true}]}}