{"id":61336,"date":"2021-02-10T13:33:13","date_gmt":"2021-02-10T19:33:13","guid":{"rendered":"http:\/\/globalnewsmexico.com\/sitio\/?p=61336"},"modified":"2021-02-10T13:33:19","modified_gmt":"2021-02-10T19:33:19","slug":"veracruz-listo-para-recibir-embarque-de-vacunas-anticovid-de-pfizer-gobernador","status":"publish","type":"post","link":"https:\/\/globalnewsmexico.com\/sitio\/veracruz-listo-para-recibir-embarque-de-vacunas-anticovid-de-pfizer-gobernador\/","title":{"rendered":"Veracruz, listo para recibir embarque de vacunas anticovid de Pfizer: gobernador"},"content":{"rendered":"\n<p>El gobernador de Veracruz, Cuitl\u00e1huac Garc\u00eda Jim\u00e9nez, asegur\u00f3 que el estado se encuentra listo para recibir el segundo embarque de vacunas de Pfizer, para que el personal m\u00e9dico se aplique la segunda dosis contra el Covid-19.<\/p>\n\n\n\n<p>En conferencia de prensa, el mandatario estatal inform\u00f3:<\/p>\n\n\n\n<p>\u00abEn Veracruz tenemos todo listo para recibir el segundo embarque de la vacuna Pfizer para que se aplique al personal m\u00e9dico que recibi\u00f3 la primera dosis\u00bb.<\/p>\n\n\n\n<p>Asimismo, destac\u00f3 que \u00abse retoma la recepci\u00f3n\u00a0semanal de vacunas en M\u00e9xico\u00bb.<\/p>\n\n\n\n<p>Fuente: Xeu Noticias<\/p>\n","protected":false},"excerpt":{"rendered":"<p>El gobernador de Veracruz, Cuitl\u00e1huac Garc\u00eda Jim\u00e9nez, asegur\u00f3 que el estado se encuentra listo para recibir el segundo embarque de vacunas de Pfizer, para que el personal m\u00e9dico se aplique la segunda dosis contra el Covid-19. En conferencia de prensa, el mandatario estatal inform\u00f3: \u00abEn Veracruz tenemos todo listo para recibir el segundo embarque de<a class=\"read-more\" href=\"https:\/\/globalnewsmexico.com\/sitio\/veracruz-listo-para-recibir-embarque-de-vacunas-anticovid-de-pfizer-gobernador\/\">Leer m\u00e1s<\/a><\/p>\n","protected":false},"author":5,"featured_media":61337,"comment_status":"closed","ping_status":"open","sticky":false,"template":"","format":"standard","meta":{"spay_email":"","footnotes":""},"categories":[37,8,50,52],"tags":[],"jetpack_featured_media_url":"https:\/\/i1.wp.com\/globalnewsmexico.com\/sitio\/wp-content\/uploads\/2021\/02\/1143544.jpg?fit=1024%2C683&ssl=1","jetpack_sharing_enabled":true,"jetpack_shortlink":"https:\/\/wp.me\/p9yqPL-fXi","jetpack_likes_enabled":true,"_links":{"self":[{"href":"https:\/\/globalnewsmexico.com\/sitio\/wp-json\/wp\/v2\/posts\/61336"}],"collection":[{"href":"https:\/\/globalnewsmexico.com\/sitio\/wp-json\/wp\/v2\/posts"}],"about":[{"href":"https:\/\/globalnewsmexico.com\/sitio\/wp-json\/wp\/v2\/types\/post"}],"author":[{"embeddable":true,"href":"https:\/\/globalnewsmexico.com\/sitio\/wp-json\/wp\/v2\/users\/5"}],"replies":[{"embeddable":true,"href":"https:\/\/globalnewsmexico.com\/sitio\/wp-json\/wp\/v2\/comments?post=61336"}],"version-history":[{"count":0,"href":"https:\/\/globalnewsmexico.com\/sitio\/wp-json\/wp\/v2\/posts\/61336\/revisions"}],"wp:featuredmedia":[{"embeddable":true,"href":"https:\/\/globalnewsmexico.com\/sitio\/wp-json\/wp\/v2\/media\/61337"}],"wp:attachment":[{"href":"https:\/\/globalnewsmexico.com\/sitio\/wp-json\/wp\/v2\/media?parent=61336"}],"wp:term":[{"taxonomy":"category","embeddable":true,"href":"https:\/\/globalnewsmexico.com\/sitio\/wp-json\/wp\/v2\/categories?post=61336"},{"taxonomy":"post_tag","embeddable":true,"href":"https:\/\/globalnewsmexico.com\/sitio\/wp-json\/wp\/v2\/tags?post=61336"}],"curies":[{"name":"wp","href":"https:\/\/api.w.org\/{rel}","templated":true}]}}