{"id":61370,"date":"2021-02-11T10:11:14","date_gmt":"2021-02-11T16:11:14","guid":{"rendered":"http:\/\/globalnewsmexico.com\/sitio\/?p=61370"},"modified":"2021-02-11T10:11:19","modified_gmt":"2021-02-11T16:11:19","slug":"amlo-pide-a-encinas-revisar-caso-de-exfiscal-de-nayarit-detenido-en-ee-uu","status":"publish","type":"post","link":"https:\/\/globalnewsmexico.com\/sitio\/amlo-pide-a-encinas-revisar-caso-de-exfiscal-de-nayarit-detenido-en-ee-uu\/","title":{"rendered":"AMLO pide a Encinas revisar caso de exfiscal de Nayarit detenido en EE. UU."},"content":{"rendered":"\n<p>El presidente Andr\u00e9s Manuel L\u00f3pez Obrador inform\u00f3 que solicitar\u00e1 a Alejandro Encinas, subsecretario de Derechos Humanos, Poblaci\u00f3n y Migraci\u00f3n, analizar el caso del exfiscal de Nayarit,\u00a0Edgar Veytia,\u00a0detenido en Estados Unidos.<\/p>\n\n\n\n<p>En conferencia de prensa matutina en Palacio Nacional, el mandatario coment\u00f3 que \u00aben estos casos hay que\u00a0revisar la solicitud de los familiares\u00a0de las personas que se consideran est\u00e1n injustamente acusados\u00bb.<\/p>\n\n\n\n<p>\u00abEso lo puede ver la Secretar\u00eda de Gobernaci\u00f3n; le voy a pedir a Alejandro Encinas que atienda este asunto\u00bb, dijo.<\/p>\n\n\n\n<p>L\u00f3pez Obrador a\u00f1adi\u00f3 que hay que acudir a la Fiscal\u00eda General de la Rep\u00fablica \u00aby no dejar de presentar estas denuncias ante la CNDH y los organismos internacionales de defensa de derechos humanos, s\u00ed hay forma que se haga valer la justicia\u00bb.&nbsp;<\/p>\n\n\n\n<p>\u00abNosotros nunca vamos a permitir que se cometa una injusticia, desde luego no somos un poder omn\u00edmodo absoluto, depende de tambi\u00e9n las decisiones que toman otros poderes, otras instancias de gobierno, en este caso tiene que ver con el gobierno de Estados Unidos, su sistema de impartici\u00f3n de justicia, tenemos que ser respetuosos no inmiscuirnos y garantizar que ellos decidan libremente, que se respete la soberan\u00eda de Estados Unidos\u00bb, se\u00f1al\u00f3.<\/p>\n\n\n\n<p>En septiembre de 2019, el exfiscal general de Nayarit, Edgar Veytia, fue condenado por el Gobierno de Estados Unidos a\u00a020 a\u00f1os de prisi\u00f3n y cinco m\u00e1s en \u00abvigilancia\u00bb, luego de que el 7 de enero se declar\u00f3 culpable de participar en una conspiraci\u00f3n internacional para distribuir\u00a0coca\u00edna, metanfetamina y mariguana a cambio de recibir cuantiosos sobornos.<\/p>\n\n\n\n<p>La condena fue emitida por la juez Carol Bagley, quien preside la sala 10 D de la Corte Federal del distrito este de Nueva York.&nbsp;<\/p>\n\n\n\n<p>\u00abHe tomado muy malas decisiones en mi vida, pero estoy arrepentido\u00bb, manifest\u00f3 el exfuncionario.\u00a0<\/p>\n\n\n\n<p>\u00a0La juez reconoci\u00f3 algunas buenas acciones del exfiscal, \u00abcomo dar comida a los pobres\u00bb, y adem\u00e1s le aclar\u00f3 que, \u00abaunque sus delitos alcanzan cadena perpetua, he tomado una decisi\u00f3n dif\u00edcil\u00bb.<\/p>\n\n\n\n<p>Fuente: Milenio<\/p>\n","protected":false},"excerpt":{"rendered":"<p>El presidente Andr\u00e9s Manuel L\u00f3pez Obrador inform\u00f3 que solicitar\u00e1 a Alejandro Encinas, subsecretario de Derechos Humanos, Poblaci\u00f3n y Migraci\u00f3n, analizar el caso del exfiscal de Nayarit,\u00a0Edgar Veytia,\u00a0detenido en Estados Unidos. En conferencia de prensa matutina en Palacio Nacional, el mandatario coment\u00f3 que \u00aben estos casos hay que\u00a0revisar la solicitud de los familiares\u00a0de las personas que<a class=\"read-more\" href=\"https:\/\/globalnewsmexico.com\/sitio\/amlo-pide-a-encinas-revisar-caso-de-exfiscal-de-nayarit-detenido-en-ee-uu\/\">Leer m\u00e1s<\/a><\/p>\n","protected":false},"author":5,"featured_media":61372,"comment_status":"closed","ping_status":"open","sticky":false,"template":"","format":"standard","meta":{"spay_email":"","footnotes":""},"categories":[37,8,40,52],"tags":[],"jetpack_featured_media_url":"https:\/\/i0.wp.com\/globalnewsmexico.com\/sitio\/wp-content\/uploads\/2021\/02\/el-fiscal-de-nayarit-edgar.jpeg?fit=958%2C596&ssl=1","jetpack_sharing_enabled":true,"jetpack_shortlink":"https:\/\/wp.me\/p9yqPL-fXQ","jetpack_likes_enabled":true,"_links":{"self":[{"href":"https:\/\/globalnewsmexico.com\/sitio\/wp-json\/wp\/v2\/posts\/61370"}],"collection":[{"href":"https:\/\/globalnewsmexico.com\/sitio\/wp-json\/wp\/v2\/posts"}],"about":[{"href":"https:\/\/globalnewsmexico.com\/sitio\/wp-json\/wp\/v2\/types\/post"}],"author":[{"embeddable":true,"href":"https:\/\/globalnewsmexico.com\/sitio\/wp-json\/wp\/v2\/users\/5"}],"replies":[{"embeddable":true,"href":"https:\/\/globalnewsmexico.com\/sitio\/wp-json\/wp\/v2\/comments?post=61370"}],"version-history":[{"count":0,"href":"https:\/\/globalnewsmexico.com\/sitio\/wp-json\/wp\/v2\/posts\/61370\/revisions"}],"wp:featuredmedia":[{"embeddable":true,"href":"https:\/\/globalnewsmexico.com\/sitio\/wp-json\/wp\/v2\/media\/61372"}],"wp:attachment":[{"href":"https:\/\/globalnewsmexico.com\/sitio\/wp-json\/wp\/v2\/media?parent=61370"}],"wp:term":[{"taxonomy":"category","embeddable":true,"href":"https:\/\/globalnewsmexico.com\/sitio\/wp-json\/wp\/v2\/categories?post=61370"},{"taxonomy":"post_tag","embeddable":true,"href":"https:\/\/globalnewsmexico.com\/sitio\/wp-json\/wp\/v2\/tags?post=61370"}],"curies":[{"name":"wp","href":"https:\/\/api.w.org\/{rel}","templated":true}]}}