{"id":61377,"date":"2021-02-11T11:32:01","date_gmt":"2021-02-11T17:32:01","guid":{"rendered":"http:\/\/globalnewsmexico.com\/sitio\/?p=61377"},"modified":"2021-02-11T11:32:06","modified_gmt":"2021-02-11T17:32:06","slug":"no-se-dejen-enganar-politica-de-ee-uu-no-ha-cambiado-amlo-a-migrantes","status":"publish","type":"post","link":"https:\/\/globalnewsmexico.com\/sitio\/no-se-dejen-enganar-politica-de-ee-uu-no-ha-cambiado-amlo-a-migrantes\/","title":{"rendered":"No se dejen enga\u00f1ar, pol\u00edtica de EE. UU. no ha cambiado: AMLO a migrantes"},"content":{"rendered":"\n<p>El presidente Andr\u00e9s Manuel L\u00f3pez Obrador pidi\u00f3 a los migrantes no \u201cdejarse enga\u00f1ar\u201d por las nuevas pol\u00edticas de Estados Unidos, pues hasta el momento\u00a0las restricciones no han cambiado y contin\u00faan las deportaciones.<\/p>\n\n\n\n<p>En\u00a0La Ma\u00f1anera, el jefe del Ejecutivo indic\u00f3 que, por orden del presidente Joe Biden, se regularizar\u00e1 la situaci\u00f3n migratoria de connacionales y migrantes centroamericanos, pero\u00a0record\u00f3 que estas pol\u00edticas no ocurrir\u00e1n \u201cde un d\u00eda para otro\u201d.<\/p>\n\n\n\n<p>\u201cSon muy buenas intenciones y lo celebro, pero el mismo presidente Biden me ha informado que\u00a0les va a llevar un tiempo el definir su pol\u00edtica migratoria.<\/p>\n\n\n\n<p>Entonces no es que ya todos pueden ir a Estados Unidos y van a ser regularizados, todav\u00eda no hay una definici\u00f3n en lo concreto,\u00a0es un lineamiento de pol\u00edtica todav\u00eda, falta la aplicaci\u00f3n\u201d, declar\u00f3.<\/p>\n\n\n\n<p>El mandatario advirti\u00f3 que a\u00fan contin\u00faa el mismo n\u00famero de deportaciones, tal y\u00a0como ocurr\u00edan en el gobierno pasado con Donald Trump. Ante esto, pidi\u00f3 a los migrantes comprensi\u00f3n y paciencia a la nueva administraci\u00f3n estadunidense. Al mismo tiempo, hizo un llamado a no dejarse enga\u00f1ar.<\/p>\n\n\n\n<p>\u201cQue tengan esta informaci\u00f3n\u00a0para que no se dejen enga\u00f1ar por los traficantes de personas, que les pintan un mundo color de rosa\u201d, coment\u00f3.<\/p>\n\n\n\n<p>El presidente envi\u00f3 un mensaje a los integrantes de las bandas criminales que trafican con personas, para abandonar esta actividad il\u00edcita, y pidi\u00f3 un cambio de actitud, porque su gobierno les ofrece opciones para salir adelante.<\/p>\n\n\n\n<p>\u201cSobre todo a los j\u00f3venes, que desistan que abandonen esa actividad il\u00edcita que perjudica a semejantes, al pr\u00f3jimo, pero tambi\u00e9n les afecta a ellos, a sus familiares. (&#8230;) Ahora hay opciones para salir adelante, los j\u00f3venes tienen posibilidad de estudiar, tener un trabajo\u201d, se\u00f1al\u00f3.<\/p>\n\n\n\n<p>L\u00f3pez Obrador aprovech\u00f3 para reiterar su iniciativa de ayuda a los pa\u00edses centroamericanos y al sur de M\u00e9xico, invirtiendo en educaci\u00f3n y apoyo, para atender las causas principales de la migraci\u00f3n\u00a0y que nadie tena que abandonar sus lugares de origen por necesidad. Se\u00f1al\u00f3 que esta zona\u00a0fue altamente afectada por las recientes inundaciones adem\u00e1s de la pandemia\u00a0de Covid-19. \u201cHay una situaci\u00f3n dif\u00edcil, pero se tiene que ir buscando la forma de que haya opciones, alternativas, de trabajo y bienestar\u201d, indic\u00f3.<\/p>\n\n\n\n<p>Fuente: Milenio<\/p>\n","protected":false},"excerpt":{"rendered":"<p>El presidente Andr\u00e9s Manuel L\u00f3pez Obrador pidi\u00f3 a los migrantes no \u201cdejarse enga\u00f1ar\u201d por las nuevas pol\u00edticas de Estados Unidos, pues hasta el momento\u00a0las restricciones no han cambiado y contin\u00faan las deportaciones. En\u00a0La Ma\u00f1anera, el jefe del Ejecutivo indic\u00f3 que, por orden del presidente Joe Biden, se regularizar\u00e1 la situaci\u00f3n migratoria de connacionales y migrantes<a class=\"read-more\" href=\"https:\/\/globalnewsmexico.com\/sitio\/no-se-dejen-enganar-politica-de-ee-uu-no-ha-cambiado-amlo-a-migrantes\/\">Leer m\u00e1s<\/a><\/p>\n","protected":false},"author":5,"featured_media":61378,"comment_status":"closed","ping_status":"open","sticky":false,"template":"","format":"standard","meta":{"spay_email":"","footnotes":""},"categories":[37,8,40,52],"tags":[],"jetpack_featured_media_url":"https:\/\/i2.wp.com\/globalnewsmexico.com\/sitio\/wp-content\/uploads\/2021\/02\/mandatario-politicas-migracion-estadunidenses-tardaran_0_0_1200_747.jpg?fit=958%2C596&ssl=1","jetpack_sharing_enabled":true,"jetpack_shortlink":"https:\/\/wp.me\/p9yqPL-fXX","jetpack_likes_enabled":true,"_links":{"self":[{"href":"https:\/\/globalnewsmexico.com\/sitio\/wp-json\/wp\/v2\/posts\/61377"}],"collection":[{"href":"https:\/\/globalnewsmexico.com\/sitio\/wp-json\/wp\/v2\/posts"}],"about":[{"href":"https:\/\/globalnewsmexico.com\/sitio\/wp-json\/wp\/v2\/types\/post"}],"author":[{"embeddable":true,"href":"https:\/\/globalnewsmexico.com\/sitio\/wp-json\/wp\/v2\/users\/5"}],"replies":[{"embeddable":true,"href":"https:\/\/globalnewsmexico.com\/sitio\/wp-json\/wp\/v2\/comments?post=61377"}],"version-history":[{"count":0,"href":"https:\/\/globalnewsmexico.com\/sitio\/wp-json\/wp\/v2\/posts\/61377\/revisions"}],"wp:featuredmedia":[{"embeddable":true,"href":"https:\/\/globalnewsmexico.com\/sitio\/wp-json\/wp\/v2\/media\/61378"}],"wp:attachment":[{"href":"https:\/\/globalnewsmexico.com\/sitio\/wp-json\/wp\/v2\/media?parent=61377"}],"wp:term":[{"taxonomy":"category","embeddable":true,"href":"https:\/\/globalnewsmexico.com\/sitio\/wp-json\/wp\/v2\/categories?post=61377"},{"taxonomy":"post_tag","embeddable":true,"href":"https:\/\/globalnewsmexico.com\/sitio\/wp-json\/wp\/v2\/tags?post=61377"}],"curies":[{"name":"wp","href":"https:\/\/api.w.org\/{rel}","templated":true}]}}