{"id":61443,"date":"2021-02-12T12:23:37","date_gmt":"2021-02-12T18:23:37","guid":{"rendered":"http:\/\/globalnewsmexico.com\/sitio\/?p=61443"},"modified":"2021-02-12T12:23:43","modified_gmt":"2021-02-12T18:23:43","slug":"iniciaran-busqueda-de-fosas-clandestinas-en-estancia-garnica-de-xalapa","status":"publish","type":"post","link":"https:\/\/globalnewsmexico.com\/sitio\/iniciaran-busqueda-de-fosas-clandestinas-en-estancia-garnica-de-xalapa\/","title":{"rendered":"Iniciar\u00e1n b\u00fasqueda de fosas clandestinas en Estancia Garnica de Xalapa"},"content":{"rendered":"\n<p>La pr\u00f3xima semana, familiares\u00a0de\u00a0desaparecidos\u00a0ingresar\u00e1n a la\u00a0Estancia Garnica en Xalapa, del Instituto de Pensiones del Estado (IPE), en busca de cuerpos inhumados por posibles casos de\u00a0desapariciones forzadas.<\/p>\n\n\n\n<p>La vocera del Colectivo Solecito, Luc\u00eda D\u00edaz Genao, afirm\u00f3 que despu\u00e9s de haber solicitado los permisos necesarios, podr\u00e1n realizar los trabajos de b\u00fasqueda de fosas clandestinas en la zona.<\/p>\n\n\n\n<p>\u00abNosotros ya solicitamos la entrada al lugar y la semana que viene ya estar\u00edamos entrando en ese lugar, van a estar tambi\u00e9n otros colectivos\u00bb, se\u00f1al\u00f3.<\/p>\n\n\n\n<p>La Estancia Garnica es un espacio recuperado por el IPE, despu\u00e9s de que en el 2011 fue entregado en comodato a la Secretar\u00eda de\u00a0Seguridad\u00a0P\u00fablica (SSP), desde donde oper\u00f3 como\u00a0base de operaciones.<\/p>\n\n\n\n<p>Fuente: Xeu Noticias<\/p>\n","protected":false},"excerpt":{"rendered":"<p>La pr\u00f3xima semana, familiares\u00a0de\u00a0desaparecidos\u00a0ingresar\u00e1n a la\u00a0Estancia Garnica en Xalapa, del Instituto de Pensiones del Estado (IPE), en busca de cuerpos inhumados por posibles casos de\u00a0desapariciones forzadas. La vocera del Colectivo Solecito, Luc\u00eda D\u00edaz Genao, afirm\u00f3 que despu\u00e9s de haber solicitado los permisos necesarios, podr\u00e1n realizar los trabajos de b\u00fasqueda de fosas clandestinas en la zona.<a class=\"read-more\" href=\"https:\/\/globalnewsmexico.com\/sitio\/iniciaran-busqueda-de-fosas-clandestinas-en-estancia-garnica-de-xalapa\/\">Leer m\u00e1s<\/a><\/p>\n","protected":false},"author":5,"featured_media":61444,"comment_status":"closed","ping_status":"open","sticky":false,"template":"","format":"standard","meta":{"spay_email":"","footnotes":""},"categories":[37,8,50,52],"tags":[],"jetpack_featured_media_url":"https:\/\/i0.wp.com\/globalnewsmexico.com\/sitio\/wp-content\/uploads\/2021\/02\/1143856.jpg?fit=1024%2C683&ssl=1","jetpack_sharing_enabled":true,"jetpack_shortlink":"https:\/\/wp.me\/p9yqPL-fZ1","jetpack_likes_enabled":true,"_links":{"self":[{"href":"https:\/\/globalnewsmexico.com\/sitio\/wp-json\/wp\/v2\/posts\/61443"}],"collection":[{"href":"https:\/\/globalnewsmexico.com\/sitio\/wp-json\/wp\/v2\/posts"}],"about":[{"href":"https:\/\/globalnewsmexico.com\/sitio\/wp-json\/wp\/v2\/types\/post"}],"author":[{"embeddable":true,"href":"https:\/\/globalnewsmexico.com\/sitio\/wp-json\/wp\/v2\/users\/5"}],"replies":[{"embeddable":true,"href":"https:\/\/globalnewsmexico.com\/sitio\/wp-json\/wp\/v2\/comments?post=61443"}],"version-history":[{"count":0,"href":"https:\/\/globalnewsmexico.com\/sitio\/wp-json\/wp\/v2\/posts\/61443\/revisions"}],"wp:featuredmedia":[{"embeddable":true,"href":"https:\/\/globalnewsmexico.com\/sitio\/wp-json\/wp\/v2\/media\/61444"}],"wp:attachment":[{"href":"https:\/\/globalnewsmexico.com\/sitio\/wp-json\/wp\/v2\/media?parent=61443"}],"wp:term":[{"taxonomy":"category","embeddable":true,"href":"https:\/\/globalnewsmexico.com\/sitio\/wp-json\/wp\/v2\/categories?post=61443"},{"taxonomy":"post_tag","embeddable":true,"href":"https:\/\/globalnewsmexico.com\/sitio\/wp-json\/wp\/v2\/tags?post=61443"}],"curies":[{"name":"wp","href":"https:\/\/api.w.org\/{rel}","templated":true}]}}