{"id":61486,"date":"2021-02-13T10:36:06","date_gmt":"2021-02-13T16:36:06","guid":{"rendered":"http:\/\/globalnewsmexico.com\/sitio\/?p=61486"},"modified":"2021-02-13T10:45:15","modified_gmt":"2021-02-13T16:45:15","slug":"arde-toma-clandestina-en-queretaro-hay-un-muerto","status":"publish","type":"post","link":"https:\/\/globalnewsmexico.com\/sitio\/arde-toma-clandestina-en-queretaro-hay-un-muerto\/","title":{"rendered":"Arde toma clandestina en Quer\u00e9taro; hay un muerto"},"content":{"rendered":"\n<p>Una persona fallecida fue lo que dej\u00f3 el incendio registrado en una toma clandestina en un ducto de Petr\u00f3leos Mexicanos (Pemex), informaron fuentes de Seguridad P\u00fablica de Quer\u00e9taro.<\/p>\n\n\n\n<p>El siniestro se present\u00f3 cerca de la medianoche del viernes, a un costado del kil\u00f3metro 172 de la carretera M\u00e9xico-Quer\u00e9taro, en una zona parcelaria del fraccionamiento San Gil, del municipio de San Juan del R\u00edo.<\/p>\n\n\n\n<p>En ese punto, habitantes de la localidad alertaron a los servicios de emergencia sobre el registro de una intensa llama que era visible a la redonda.<\/p>\n\n\n\n<p>Al lugar acudi\u00f3 personal de Protecci\u00f3n Civil y Seguridad P\u00fablica municipales, as\u00ed como de la Guardia Nacional y de Seguridad F\u00edsica de Pemex.<\/p>\n\n\n\n<p>Cercano al lugar fue ubicada una persona, de alrededor de 35 a\u00f1os de edad, quien presentaba quemaduras en m\u00e1s del 80 por ciento de su cuerpo, por lo que fue trasladada de emergencia para su atenci\u00f3n hospitalaria, confirm\u00e1ndose su deceso horas m\u00e1s tarde.<\/p>\n\n\n\n<p>Fuente: Exc\u00e9lsior<\/p>\n","protected":false},"excerpt":{"rendered":"<p>Una persona fallecida fue lo que dej\u00f3 el incendio registrado en una toma clandestina en un ducto de Petr\u00f3leos Mexicanos (Pemex), informaron fuentes de Seguridad P\u00fablica de Quer\u00e9taro. El siniestro se present\u00f3 cerca de la medianoche del viernes, a un costado del kil\u00f3metro 172 de la carretera M\u00e9xico-Quer\u00e9taro, en una zona parcelaria del fraccionamiento San<a class=\"read-more\" href=\"https:\/\/globalnewsmexico.com\/sitio\/arde-toma-clandestina-en-queretaro-hay-un-muerto\/\">Leer m\u00e1s<\/a><\/p>\n","protected":false},"author":5,"featured_media":61487,"comment_status":"closed","ping_status":"open","sticky":false,"template":"","format":"standard","meta":{"spay_email":"","footnotes":""},"categories":[37,8,49,52],"tags":[],"jetpack_featured_media_url":"https:\/\/i2.wp.com\/globalnewsmexico.com\/sitio\/wp-content\/uploads\/2021\/02\/2528875.jpg?fit=1024%2C768&ssl=1","jetpack_sharing_enabled":true,"jetpack_shortlink":"https:\/\/wp.me\/p9yqPL-fZI","jetpack_likes_enabled":true,"_links":{"self":[{"href":"https:\/\/globalnewsmexico.com\/sitio\/wp-json\/wp\/v2\/posts\/61486"}],"collection":[{"href":"https:\/\/globalnewsmexico.com\/sitio\/wp-json\/wp\/v2\/posts"}],"about":[{"href":"https:\/\/globalnewsmexico.com\/sitio\/wp-json\/wp\/v2\/types\/post"}],"author":[{"embeddable":true,"href":"https:\/\/globalnewsmexico.com\/sitio\/wp-json\/wp\/v2\/users\/5"}],"replies":[{"embeddable":true,"href":"https:\/\/globalnewsmexico.com\/sitio\/wp-json\/wp\/v2\/comments?post=61486"}],"version-history":[{"count":0,"href":"https:\/\/globalnewsmexico.com\/sitio\/wp-json\/wp\/v2\/posts\/61486\/revisions"}],"wp:featuredmedia":[{"embeddable":true,"href":"https:\/\/globalnewsmexico.com\/sitio\/wp-json\/wp\/v2\/media\/61487"}],"wp:attachment":[{"href":"https:\/\/globalnewsmexico.com\/sitio\/wp-json\/wp\/v2\/media?parent=61486"}],"wp:term":[{"taxonomy":"category","embeddable":true,"href":"https:\/\/globalnewsmexico.com\/sitio\/wp-json\/wp\/v2\/categories?post=61486"},{"taxonomy":"post_tag","embeddable":true,"href":"https:\/\/globalnewsmexico.com\/sitio\/wp-json\/wp\/v2\/tags?post=61486"}],"curies":[{"name":"wp","href":"https:\/\/api.w.org\/{rel}","templated":true}]}}