{"id":61515,"date":"2021-02-13T15:41:52","date_gmt":"2021-02-13T21:41:52","guid":{"rendered":"http:\/\/globalnewsmexico.com\/sitio\/?p=61515"},"modified":"2021-02-13T15:41:56","modified_gmt":"2021-02-13T21:41:56","slug":"reitera-amlo-que-campana-de-vacunacion-contra-covid-19-no-se-detendra","status":"publish","type":"post","link":"https:\/\/globalnewsmexico.com\/sitio\/reitera-amlo-que-campana-de-vacunacion-contra-covid-19-no-se-detendra\/","title":{"rendered":"Reitera AMLO que campa\u00f1a de vacunaci\u00f3n contra Covid-19 no se detendr\u00e1"},"content":{"rendered":"\n<p>De gira por Oaxaca, el presidente Andr\u00e9s Manuel L\u00f3pez Obrador reiter\u00f3 que el lunes iniciar\u00e1 la campa\u00f1a de vacunaci\u00f3n contra el Covid-19 en las comunidades del pa\u00eds y que esta no se detendr\u00e1.<\/p>\n\n\n\n<p>\u00abQuiero informarle al gobernador Alejandro Murat que ya en la semana, afortunadamente, ya la semana pr\u00f3xima, iniciamos la campa\u00f1a de vacunaci\u00f3n contra el Covid en Oaxaca y en todo el pa\u00eds\u201d, dijo.<\/p>\n\n\n\n<p>El mandatario anunci\u00f3: \u201cvamos a darlo a conocer en Oaxaca, vamos a tener una conferencia por la ma\u00f1ana, como se hace todos los d\u00edas en Palacio Nacional. Se va a informar sobre el Plan Nacional de Vacunaci\u00f3n, pero no solo es dar la informaci\u00f3n, sino ya poder decir a ciencia cierta que el lunes empieza la vacunaci\u00f3n en todo el pa\u00eds; y ya no se va a detener, para proteger a nuestra gente de la pandemia del Covid\u00bb.<\/p>\n\n\n\n<p>Fuente: Xeu Noticias<\/p>\n","protected":false},"excerpt":{"rendered":"<p>De gira por Oaxaca, el presidente Andr\u00e9s Manuel L\u00f3pez Obrador reiter\u00f3 que el lunes iniciar\u00e1 la campa\u00f1a de vacunaci\u00f3n contra el Covid-19 en las comunidades del pa\u00eds y que esta no se detendr\u00e1. \u00abQuiero informarle al gobernador Alejandro Murat que ya en la semana, afortunadamente, ya la semana pr\u00f3xima, iniciamos la campa\u00f1a de vacunaci\u00f3n contra<a class=\"read-more\" href=\"https:\/\/globalnewsmexico.com\/sitio\/reitera-amlo-que-campana-de-vacunacion-contra-covid-19-no-se-detendra\/\">Leer m\u00e1s<\/a><\/p>\n","protected":false},"author":5,"featured_media":61516,"comment_status":"closed","ping_status":"open","sticky":false,"template":"","format":"standard","meta":{"spay_email":"","footnotes":""},"categories":[37,8,40,52],"tags":[],"jetpack_featured_media_url":"https:\/\/i0.wp.com\/globalnewsmexico.com\/sitio\/wp-content\/uploads\/2021\/02\/1144029.jpg?fit=1024%2C682&ssl=1","jetpack_sharing_enabled":true,"jetpack_shortlink":"https:\/\/wp.me\/p9yqPL-g0b","jetpack_likes_enabled":true,"_links":{"self":[{"href":"https:\/\/globalnewsmexico.com\/sitio\/wp-json\/wp\/v2\/posts\/61515"}],"collection":[{"href":"https:\/\/globalnewsmexico.com\/sitio\/wp-json\/wp\/v2\/posts"}],"about":[{"href":"https:\/\/globalnewsmexico.com\/sitio\/wp-json\/wp\/v2\/types\/post"}],"author":[{"embeddable":true,"href":"https:\/\/globalnewsmexico.com\/sitio\/wp-json\/wp\/v2\/users\/5"}],"replies":[{"embeddable":true,"href":"https:\/\/globalnewsmexico.com\/sitio\/wp-json\/wp\/v2\/comments?post=61515"}],"version-history":[{"count":0,"href":"https:\/\/globalnewsmexico.com\/sitio\/wp-json\/wp\/v2\/posts\/61515\/revisions"}],"wp:featuredmedia":[{"embeddable":true,"href":"https:\/\/globalnewsmexico.com\/sitio\/wp-json\/wp\/v2\/media\/61516"}],"wp:attachment":[{"href":"https:\/\/globalnewsmexico.com\/sitio\/wp-json\/wp\/v2\/media?parent=61515"}],"wp:term":[{"taxonomy":"category","embeddable":true,"href":"https:\/\/globalnewsmexico.com\/sitio\/wp-json\/wp\/v2\/categories?post=61515"},{"taxonomy":"post_tag","embeddable":true,"href":"https:\/\/globalnewsmexico.com\/sitio\/wp-json\/wp\/v2\/tags?post=61515"}],"curies":[{"name":"wp","href":"https:\/\/api.w.org\/{rel}","templated":true}]}}