{"id":61617,"date":"2021-02-16T10:07:33","date_gmt":"2021-02-16T16:07:33","guid":{"rendered":"http:\/\/globalnewsmexico.com\/sitio\/?p=61617"},"modified":"2021-02-16T10:07:38","modified_gmt":"2021-02-16T16:07:38","slug":"tormenta-invernal-en-ee-uu-retrasa-llegada-de-vacuna-anticovid-de-pfizer-a-cdmx","status":"publish","type":"post","link":"https:\/\/globalnewsmexico.com\/sitio\/tormenta-invernal-en-ee-uu-retrasa-llegada-de-vacuna-anticovid-de-pfizer-a-cdmx\/","title":{"rendered":"Tormenta invernal en EE. UU. retrasa llegada de vacuna anticovid de Pfizer a CDMX"},"content":{"rendered":"\n<p>La llegada a la Ciudad de M\u00e9xico de un lote de 491 mil 400 dosis de la vacuna contra el Covid-19 de\u00a0Pfizer y BioNTech\u00a0se retras\u00f3, debido a la tormenta invernal que afecta a Estados Unidos.\u00a0<\/p>\n\n\n\n<p>El vuelo de Cargojet CJT952\/W8952\u00a0se retras\u00f3 un par de horas por el mal tiempo, por lo que se estima que las dosis lleguen a las 10:15 horas.<\/p>\n\n\n\n<p>Ayer, Hugo L\u00f3pez-Gatell, subsecretario de Prevenci\u00f3n y Promoci\u00f3n de la Salud, indic\u00f3 que el vuelo estaba programado para salir a las 04:00 horas del Aeropuerto Internacional de Ohio; sin embargo, Salud federal explic\u00f3 que\u00a0el vuelo parti\u00f3 a las 07:38 de\u00a0Estados Unidos.<\/p>\n\n\n\n<p>El embarque de las vacunas tendr\u00e1 dos vuelos:\u00a0el primero, con aproximadamente 5 mil dosis que arribar\u00e1 a Monterrey, y el que viene rumbo a la Ciudad de M\u00e9xico, con poco m\u00e1s de 486 mil dosis.<\/p>\n\n\n\n<p>Fuente: Milenio<\/p>\n","protected":false},"excerpt":{"rendered":"<p>La llegada a la Ciudad de M\u00e9xico de un lote de 491 mil 400 dosis de la vacuna contra el Covid-19 de\u00a0Pfizer y BioNTech\u00a0se retras\u00f3, debido a la tormenta invernal que afecta a Estados Unidos.\u00a0 El vuelo de Cargojet CJT952\/W8952\u00a0se retras\u00f3 un par de horas por el mal tiempo, por lo que se estima que<a class=\"read-more\" href=\"https:\/\/globalnewsmexico.com\/sitio\/tormenta-invernal-en-ee-uu-retrasa-llegada-de-vacuna-anticovid-de-pfizer-a-cdmx\/\">Leer m\u00e1s<\/a><\/p>\n","protected":false},"author":5,"featured_media":61618,"comment_status":"closed","ping_status":"open","sticky":false,"template":"","format":"standard","meta":{"spay_email":"","footnotes":""},"categories":[37,8,39,52],"tags":[],"jetpack_featured_media_url":"https:\/\/i2.wp.com\/globalnewsmexico.com\/sitio\/wp-content\/uploads\/2021\/02\/oaxaca-alista-compra-lote-vacunas.jpg?fit=958%2C596&ssl=1","jetpack_sharing_enabled":true,"jetpack_shortlink":"https:\/\/wp.me\/p9yqPL-g1P","jetpack_likes_enabled":true,"_links":{"self":[{"href":"https:\/\/globalnewsmexico.com\/sitio\/wp-json\/wp\/v2\/posts\/61617"}],"collection":[{"href":"https:\/\/globalnewsmexico.com\/sitio\/wp-json\/wp\/v2\/posts"}],"about":[{"href":"https:\/\/globalnewsmexico.com\/sitio\/wp-json\/wp\/v2\/types\/post"}],"author":[{"embeddable":true,"href":"https:\/\/globalnewsmexico.com\/sitio\/wp-json\/wp\/v2\/users\/5"}],"replies":[{"embeddable":true,"href":"https:\/\/globalnewsmexico.com\/sitio\/wp-json\/wp\/v2\/comments?post=61617"}],"version-history":[{"count":0,"href":"https:\/\/globalnewsmexico.com\/sitio\/wp-json\/wp\/v2\/posts\/61617\/revisions"}],"wp:featuredmedia":[{"embeddable":true,"href":"https:\/\/globalnewsmexico.com\/sitio\/wp-json\/wp\/v2\/media\/61618"}],"wp:attachment":[{"href":"https:\/\/globalnewsmexico.com\/sitio\/wp-json\/wp\/v2\/media?parent=61617"}],"wp:term":[{"taxonomy":"category","embeddable":true,"href":"https:\/\/globalnewsmexico.com\/sitio\/wp-json\/wp\/v2\/categories?post=61617"},{"taxonomy":"post_tag","embeddable":true,"href":"https:\/\/globalnewsmexico.com\/sitio\/wp-json\/wp\/v2\/tags?post=61617"}],"curies":[{"name":"wp","href":"https:\/\/api.w.org\/{rel}","templated":true}]}}