{"id":61619,"date":"2021-02-16T10:28:11","date_gmt":"2021-02-16T16:28:11","guid":{"rendered":"http:\/\/globalnewsmexico.com\/sitio\/?p=61619"},"modified":"2021-02-16T10:28:15","modified_gmt":"2021-02-16T16:28:15","slug":"vacunas-de-pfizer-que-lleguen-en-marzo-seran-para-adultos-mayores-de-ciudades","status":"publish","type":"post","link":"https:\/\/globalnewsmexico.com\/sitio\/vacunas-de-pfizer-que-lleguen-en-marzo-seran-para-adultos-mayores-de-ciudades\/","title":{"rendered":"Vacunas de Pfizer que lleguen en marzo ser\u00e1n para adultos mayores de ciudades"},"content":{"rendered":"\n<p>El presidente Andr\u00e9s Manuel L\u00f3pez Obrador anunci\u00f3 que las\u00a0vacunas anticovid de la farmac\u00e9utica Pfizer\u00a0que lleguen a partir de marzo, se aplicar\u00e1n a adultos mayores de ciudades y centros urbanos.<\/p>\n\n\n\n<p>En conferencia de prensa matutina, el mandatario dijo que se espera la llegada de&nbsp;m\u00e1s de 800 mil dosis que ser\u00e1n&nbsp;para el programa de adultos mayores.<\/p>\n\n\n\n<p>\u00abEse es el compromiso de que (Pfizer) van a cumplir, s\u00ed pensamos que van a cumplir porque hubo una interrupci\u00f3n, pero vamos a decir que fue una causa en especial mayor de ampliar su producci\u00f3n y nos pidieron eso, adem\u00e1s porque expidieron en el mecanismo de la ONU de entregar vacunas tambi\u00e9n para otros pa\u00edses y nosotros estuvimos de acuerdo en eso\u00bb, coment\u00f3.<\/p>\n\n\n\n<p>El subsecretario de Prevenci\u00f3n y Promoci\u00f3n de la Salud,\u00a0Hugo L\u00f3pez-Gatell, inform\u00f3 que M\u00e9xico est\u00e1 en la tercera semana consecutiva con un descenso en la curva epid\u00e9mica de casos estimados de Covid-19, es decir, \u00abhay cada vez menos casos en una semana dada, tenemos esta semana de reducci\u00f3n de 26 por ciento\u00bb.<\/p>\n\n\n\n<p>Fuente: Milenio<\/p>\n","protected":false},"excerpt":{"rendered":"<p>El presidente Andr\u00e9s Manuel L\u00f3pez Obrador anunci\u00f3 que las\u00a0vacunas anticovid de la farmac\u00e9utica Pfizer\u00a0que lleguen a partir de marzo, se aplicar\u00e1n a adultos mayores de ciudades y centros urbanos. En conferencia de prensa matutina, el mandatario dijo que se espera la llegada de&nbsp;m\u00e1s de 800 mil dosis que ser\u00e1n&nbsp;para el programa de adultos mayores. \u00abEse<a class=\"read-more\" href=\"https:\/\/globalnewsmexico.com\/sitio\/vacunas-de-pfizer-que-lleguen-en-marzo-seran-para-adultos-mayores-de-ciudades\/\">Leer m\u00e1s<\/a><\/p>\n","protected":false},"author":5,"featured_media":61620,"comment_status":"closed","ping_status":"open","sticky":false,"template":"","format":"standard","meta":{"spay_email":"","footnotes":""},"categories":[37,8,39,52],"tags":[],"jetpack_featured_media_url":"https:\/\/i2.wp.com\/globalnewsmexico.com\/sitio\/wp-content\/uploads\/2021\/02\/16134112628970.jpg?fit=1024%2C639&ssl=1","jetpack_sharing_enabled":true,"jetpack_shortlink":"https:\/\/wp.me\/p9yqPL-g1R","jetpack_likes_enabled":true,"_links":{"self":[{"href":"https:\/\/globalnewsmexico.com\/sitio\/wp-json\/wp\/v2\/posts\/61619"}],"collection":[{"href":"https:\/\/globalnewsmexico.com\/sitio\/wp-json\/wp\/v2\/posts"}],"about":[{"href":"https:\/\/globalnewsmexico.com\/sitio\/wp-json\/wp\/v2\/types\/post"}],"author":[{"embeddable":true,"href":"https:\/\/globalnewsmexico.com\/sitio\/wp-json\/wp\/v2\/users\/5"}],"replies":[{"embeddable":true,"href":"https:\/\/globalnewsmexico.com\/sitio\/wp-json\/wp\/v2\/comments?post=61619"}],"version-history":[{"count":0,"href":"https:\/\/globalnewsmexico.com\/sitio\/wp-json\/wp\/v2\/posts\/61619\/revisions"}],"wp:featuredmedia":[{"embeddable":true,"href":"https:\/\/globalnewsmexico.com\/sitio\/wp-json\/wp\/v2\/media\/61620"}],"wp:attachment":[{"href":"https:\/\/globalnewsmexico.com\/sitio\/wp-json\/wp\/v2\/media?parent=61619"}],"wp:term":[{"taxonomy":"category","embeddable":true,"href":"https:\/\/globalnewsmexico.com\/sitio\/wp-json\/wp\/v2\/categories?post=61619"},{"taxonomy":"post_tag","embeddable":true,"href":"https:\/\/globalnewsmexico.com\/sitio\/wp-json\/wp\/v2\/tags?post=61619"}],"curies":[{"name":"wp","href":"https:\/\/api.w.org\/{rel}","templated":true}]}}