{"id":61676,"date":"2021-02-16T21:05:42","date_gmt":"2021-02-17T03:05:42","guid":{"rendered":"http:\/\/globalnewsmexico.com\/sitio\/?p=61676"},"modified":"2021-02-16T21:05:47","modified_gmt":"2021-02-17T03:05:47","slug":"recibe-congreso-comparecencia-de-la-fiscal-general-del-estado","status":"publish","type":"post","link":"https:\/\/globalnewsmexico.com\/sitio\/recibe-congreso-comparecencia-de-la-fiscal-general-del-estado\/","title":{"rendered":"Recibe Congreso comparecencia de la Fiscal General del Estado"},"content":{"rendered":"\n<p>La LXV Legislatura inici\u00f3 el per\u00edodo de comparecencias de los organismos aut\u00f3nomos del Estado correspondiente al ejercicio 2020. La Comisi\u00f3n Permanente de Procuraci\u00f3n de Justicia recibi\u00f3 la comparecencia de la titular de la Fiscal\u00eda General del Estado (FGE), Ver\u00f3nica Hern\u00e1ndez Giad\u00e1ns.<\/p>\n\n\n\n<p>En el Recinto Oficial de Sesiones y observando las medidas sanitarias prescritas, el diputado Jos\u00e9 Manuel Pozos Castro, la legisladora Mar\u00eda Josefina Gamboa Torales y el diputado Raymundo Andrade Rivera, presidente, secretaria y vocal respectivamente, condujeron los trabajos.<\/p>\n\n\n\n<p>En su exposici\u00f3n, la servidora p\u00fablica asegur\u00f3 que en Veracruz la procuraci\u00f3n de justicia se aplica sin distingos bajo los principios de legalidad, honradez, objetividad, profesionalismo, autonom\u00eda y rendici\u00f3n de cuentas. Dijo que, aun con las condiciones actuales por la pandemia, se ha logrado optimizar la procuraci\u00f3n de justicia en el estado.<\/p>\n\n\n\n<p>M\u00e1s atenci\u00f3n, menos incidencia delictiva<\/p>\n\n\n\n<p>Al informar del inicio de 86 mil 571 carpetas de investigaci\u00f3n iniciadas, un total de 69 mil 030 determinadas y un incremento de 102 por ciento, destac\u00f3 la solventaci\u00f3n total del rezago en materia de registro de carpetas de investigaci\u00f3n y el abatimiento del 52 por ciento del atraso del sistema penal acusatorio y 80 por ciento del sistema inquisitivo penal.<\/p>\n\n\n\n<p>Mencion\u00f3 tambi\u00e9n el incremento en el n\u00famero de personas detenidas puestas a disposici\u00f3n, 21.4 por ciento; en la productividad en audiencia de control, 24.8 por ciento; las vinculaciones a proceso, 40.9 por ciento, y las sentencias condenatorias, 50.6 por ciento.<\/p>\n\n\n\n<p>En contraste, se\u00f1al\u00f3 el descenso de delitos de alto impacto, 11.7 por ciento; homicidio doloso y extorsiones, 10 por ciento; secuestro, 59 por ciento; feminicidio 19.2 por ciento y robo de veh\u00edculo automotor, 21.3 por ciento.<\/p>\n\n\n\n<p>Las detenciones de presuntos secuestradores incrementaron en casi 62 por ciento respecto a 2019, fueron desarticuladas 31 bandas que operaban en el estado y se lograron sentencias condenatorias de hasta 72 a\u00f1os.<\/p>\n\n\n\n<p>A esto sum\u00f3 el fortalecimiento de las Unidades de Atenci\u00f3n Temprana (UAT), que registr\u00f3 84 mil 423 atenciones, y la implementaci\u00f3n del Sistema de Citas UAT para agilizar los tiempos de espera y gesti\u00f3n.<\/p>\n\n\n\n<p>Colectivos y familiares de v\u00edctimas de desaparici\u00f3n<\/p>\n\n\n\n<p>Ver\u00f3nica Hern\u00e1ndez Giad\u00e1ns inform\u00f3 tambi\u00e9n que se ha incrementado el n\u00famero de fiscales en la Fiscal\u00eda Especializada para la Atenci\u00f3n de Denuncias por Personas Desaparecidas, d\u00e1ndole autonom\u00eda operativa para la investigaci\u00f3n y el esclarecimiento de los hechos.<\/p>\n\n\n\n<p>Inform\u00f3 que, el 3 de diciembre el a\u00f1o pasado, en el municipio de Nogales, se dio el banderazo inicial de la construcci\u00f3n de la Unidad Integral de Servicios M\u00e9dicos Forenses, que \u2013explic\u00f3- permitir\u00e1 avanzar en el proceso de identificaci\u00f3n y duplicar\u00e1 la capacidad de operaci\u00f3n.<\/p>\n\n\n\n<p>La Fiscal General del Estado, expuso tambi\u00e9n que, en la atenci\u00f3n a pueblos ind\u00edgenas, se realizaron 643 visitas a comunidades y 77 visitas a centros penitenciarios; adem\u00e1s, las y los int\u00e9rpretes traductores incrementaron la atenci\u00f3n 108 por ciento respecto a 2019.<\/p>\n\n\n\n<p>Fortalecimiento estructural de la FGE<\/p>\n\n\n\n<p>En materia administrativa y gesti\u00f3n de recursos p\u00fablicos, la titular de la FGE habl\u00f3 de la inversi\u00f3n de 56 millones de pesos para lograr la homologaci\u00f3n salarial de mil 294 servidores p\u00fablicos, beneficiando a 437 fiscales, 550 polic\u00edas, 266 peritos y 41 fiscales facilitadores.<\/p>\n\n\n\n<p>A\u00f1adi\u00f3 la regularizaci\u00f3n de la situaci\u00f3n laboral de 247 servidores p\u00fablicos con m\u00e1s de 20 a\u00f1os de servicio y la entrega de est\u00edmulos econ\u00f3micos a 237 servidores p\u00fablicos por a\u00f1os de servicio. Adem\u00e1s, dijo la Fiscal, se duplic\u00f3 el suministro de combustible, refacciones, reactivos, municiones, equipo de c\u00f3mputo y radiocomunicaci\u00f3n, entre otros.<\/p>\n\n\n\n<p>Refiri\u00f3 que derivado del convenio con el Instituto de Pensiones (IPE) se realiz\u00f3 el pago de contribuciones patronales por la cantidad de 43 millones 368 mil 924 pesos para regularizar el rezago que presentaba un agravio para trabajadores de la FGE. A la fecha, agreg\u00f3, se han logrado incorporar un total de 346 servidores p\u00fablicos de nuevo ingreso, entre fiscales, polic\u00edas ministeriales, peritos y personal administrativo.<\/p>\n\n\n\n<p>De acuerdo con su titular, con 422 elementos que han obtenido su Certificado \u00danico Policial, la FGE ocupa uno de los primeros lugares en el nivel nacional en cuanto al Servicio Profesional de Carrera.<\/p>\n\n\n\n<p>Finalmente, Ver\u00f3nica Hern\u00e1ndez hizo un reconocimiento a las y los trabajadores del \u00f3rgano especializado en Mecanismos Alternativos de Soluci\u00f3n de Controversias, que con solo el 40 por ciento del personal operativo laborando elev\u00f3 en un 10 por ciento las personas atendidas y en un 34 por ciento las Carpetas de Investigaci\u00f3n determinadas.<\/p>\n\n\n\n<p>Al t\u00e9rmino de la exposici\u00f3n de la Fiscal General del Estado, la Comisi\u00f3n Permanente de Procuraci\u00f3n de Justicia procedi\u00f3 a coordinar las dos rondas de preguntas de las y los diputados presentes.<\/p>\n","protected":false},"excerpt":{"rendered":"<p>La LXV Legislatura inici\u00f3 el per\u00edodo de comparecencias de los organismos aut\u00f3nomos del Estado correspondiente al ejercicio 2020. La Comisi\u00f3n Permanente de Procuraci\u00f3n de Justicia recibi\u00f3 la comparecencia de la titular de la Fiscal\u00eda General del Estado (FGE), Ver\u00f3nica Hern\u00e1ndez Giad\u00e1ns. En el Recinto Oficial de Sesiones y observando las medidas sanitarias prescritas, el diputado<a class=\"read-more\" href=\"https:\/\/globalnewsmexico.com\/sitio\/recibe-congreso-comparecencia-de-la-fiscal-general-del-estado\/\">Leer m\u00e1s<\/a><\/p>\n","protected":false},"author":5,"featured_media":61677,"comment_status":"closed","ping_status":"open","sticky":false,"template":"","format":"standard","meta":{"spay_email":"","footnotes":""},"categories":[37,8,50,52],"tags":[],"jetpack_featured_media_url":"https:\/\/i1.wp.com\/globalnewsmexico.com\/sitio\/wp-content\/uploads\/2021\/02\/IMG-20210216-WA0019.jpg?fit=1024%2C683&ssl=1","jetpack_sharing_enabled":true,"jetpack_shortlink":"https:\/\/wp.me\/p9yqPL-g2M","jetpack_likes_enabled":true,"_links":{"self":[{"href":"https:\/\/globalnewsmexico.com\/sitio\/wp-json\/wp\/v2\/posts\/61676"}],"collection":[{"href":"https:\/\/globalnewsmexico.com\/sitio\/wp-json\/wp\/v2\/posts"}],"about":[{"href":"https:\/\/globalnewsmexico.com\/sitio\/wp-json\/wp\/v2\/types\/post"}],"author":[{"embeddable":true,"href":"https:\/\/globalnewsmexico.com\/sitio\/wp-json\/wp\/v2\/users\/5"}],"replies":[{"embeddable":true,"href":"https:\/\/globalnewsmexico.com\/sitio\/wp-json\/wp\/v2\/comments?post=61676"}],"version-history":[{"count":0,"href":"https:\/\/globalnewsmexico.com\/sitio\/wp-json\/wp\/v2\/posts\/61676\/revisions"}],"wp:featuredmedia":[{"embeddable":true,"href":"https:\/\/globalnewsmexico.com\/sitio\/wp-json\/wp\/v2\/media\/61677"}],"wp:attachment":[{"href":"https:\/\/globalnewsmexico.com\/sitio\/wp-json\/wp\/v2\/media?parent=61676"}],"wp:term":[{"taxonomy":"category","embeddable":true,"href":"https:\/\/globalnewsmexico.com\/sitio\/wp-json\/wp\/v2\/categories?post=61676"},{"taxonomy":"post_tag","embeddable":true,"href":"https:\/\/globalnewsmexico.com\/sitio\/wp-json\/wp\/v2\/tags?post=61676"}],"curies":[{"name":"wp","href":"https:\/\/api.w.org\/{rel}","templated":true}]}}