{"id":61681,"date":"2021-02-17T09:31:37","date_gmt":"2021-02-17T15:31:37","guid":{"rendered":"http:\/\/globalnewsmexico.com\/sitio\/?p=61681"},"modified":"2021-02-17T09:31:42","modified_gmt":"2021-02-17T15:31:42","slug":"la-proxima-semana-se-vacunara-a-personal-medico-que-no-recibio-primera-dosis-amlo","status":"publish","type":"post","link":"https:\/\/globalnewsmexico.com\/sitio\/la-proxima-semana-se-vacunara-a-personal-medico-que-no-recibio-primera-dosis-amlo\/","title":{"rendered":"La pr\u00f3xima semana se vacunar\u00e1 a personal m\u00e9dico que no recibi\u00f3 primera dosis: AMLO"},"content":{"rendered":"\n<p>El presidente Andr\u00e9s Manuel L\u00f3pez Obrador inform\u00f3 que\u00a0el personal m\u00e9dico que no ha recibido ninguna dosis\u00a0de la vacuna contra el Covid-19 empezar\u00e1 a ser inmunizado la pr\u00f3ximas semana,\u00a0con la llegada de un nuevo lote de Pfizer.<\/p>\n\n\n\n<p>En la\u00a0conferencia ma\u00f1anera\u00a0desde Palacio Nacional, explic\u00f3 que estos d\u00edas se estar\u00e1 aplicando la segunda dosis de la vacuna al personal de primera l\u00ednea que combate la pandemia que ya hab\u00eda sido vacunado con la primera dosis.<\/p>\n\n\n\n<p>\u201cQue el doctor explique hasta donde llega este grupo de atenci\u00f3n prioritaria y cu\u00e1ntos se han vacunado y cu\u00e1nto nos falta de vacunas, de segunda&nbsp;<\/p>\n\n\n\n<p>dosis. Los que faltan,\u00a0que no han recibido ni siquiera la primera dosis, van a ser atendidos la semana pr\u00f3xima, los que faltan de personal m\u00e9dico\u201d, dijo.<\/p>\n\n\n\n<p>Record\u00f3 que el fin de semana pasado, en Oaxaca,\u00a0le solicitaron incluir a los dentistas en la primera fase\u00a0de vacunaci\u00f3n y dijo que todas estas peticiones se est\u00e1n analizando en la Secretar\u00eda de Salud.<\/p>\n\n\n\n<p>Adem\u00e1s, pidi\u00f3 que las autoridades sanitarias informen cu\u00e1ndo se va a inmunizar a m\u00e9dicos privados\u00a0que atienden Covid-19 en el pa\u00eds.<\/p>\n\n\n\n<p>Fuente: Milenio<\/p>\n","protected":false},"excerpt":{"rendered":"<p>El presidente Andr\u00e9s Manuel L\u00f3pez Obrador inform\u00f3 que\u00a0el personal m\u00e9dico que no ha recibido ninguna dosis\u00a0de la vacuna contra el Covid-19 empezar\u00e1 a ser inmunizado la pr\u00f3ximas semana,\u00a0con la llegada de un nuevo lote de Pfizer. En la\u00a0conferencia ma\u00f1anera\u00a0desde Palacio Nacional, explic\u00f3 que estos d\u00edas se estar\u00e1 aplicando la segunda dosis de la vacuna al<a class=\"read-more\" href=\"https:\/\/globalnewsmexico.com\/sitio\/la-proxima-semana-se-vacunara-a-personal-medico-que-no-recibio-primera-dosis-amlo\/\">Leer m\u00e1s<\/a><\/p>\n","protected":false},"author":5,"featured_media":61682,"comment_status":"closed","ping_status":"open","sticky":false,"template":"","format":"standard","meta":{"spay_email":"","footnotes":""},"categories":[37,8,39,52],"tags":[],"jetpack_featured_media_url":"https:\/\/i2.wp.com\/globalnewsmexico.com\/sitio\/wp-content\/uploads\/2021\/02\/mandatario-campana-vacunacion-personal-medico_0_0_1200_747.jpg?fit=958%2C596&ssl=1","jetpack_sharing_enabled":true,"jetpack_shortlink":"https:\/\/wp.me\/p9yqPL-g2R","jetpack_likes_enabled":true,"_links":{"self":[{"href":"https:\/\/globalnewsmexico.com\/sitio\/wp-json\/wp\/v2\/posts\/61681"}],"collection":[{"href":"https:\/\/globalnewsmexico.com\/sitio\/wp-json\/wp\/v2\/posts"}],"about":[{"href":"https:\/\/globalnewsmexico.com\/sitio\/wp-json\/wp\/v2\/types\/post"}],"author":[{"embeddable":true,"href":"https:\/\/globalnewsmexico.com\/sitio\/wp-json\/wp\/v2\/users\/5"}],"replies":[{"embeddable":true,"href":"https:\/\/globalnewsmexico.com\/sitio\/wp-json\/wp\/v2\/comments?post=61681"}],"version-history":[{"count":0,"href":"https:\/\/globalnewsmexico.com\/sitio\/wp-json\/wp\/v2\/posts\/61681\/revisions"}],"wp:featuredmedia":[{"embeddable":true,"href":"https:\/\/globalnewsmexico.com\/sitio\/wp-json\/wp\/v2\/media\/61682"}],"wp:attachment":[{"href":"https:\/\/globalnewsmexico.com\/sitio\/wp-json\/wp\/v2\/media?parent=61681"}],"wp:term":[{"taxonomy":"category","embeddable":true,"href":"https:\/\/globalnewsmexico.com\/sitio\/wp-json\/wp\/v2\/categories?post=61681"},{"taxonomy":"post_tag","embeddable":true,"href":"https:\/\/globalnewsmexico.com\/sitio\/wp-json\/wp\/v2\/tags?post=61681"}],"curies":[{"name":"wp","href":"https:\/\/api.w.org\/{rel}","templated":true}]}}