{"id":61821,"date":"2021-02-19T10:09:23","date_gmt":"2021-02-19T16:09:23","guid":{"rendered":"http:\/\/globalnewsmexico.com\/sitio\/?p=61821"},"modified":"2021-02-19T10:09:28","modified_gmt":"2021-02-19T16:09:28","slug":"ya-empezaron-labores-de-rescate-de-cuerpos-en-mina-de-pasta-de-conchos","status":"publish","type":"post","link":"https:\/\/globalnewsmexico.com\/sitio\/ya-empezaron-labores-de-rescate-de-cuerpos-en-mina-de-pasta-de-conchos\/","title":{"rendered":"Ya empezaron labores de rescate de cuerpos en mina de Pasta de Conchos"},"content":{"rendered":"\n<p>El presidente Andr\u00e9s Manuel L\u00f3pez Obrador dio a conocer que, junto con la Comisi\u00f3n Federal de Electricidad (CFE), se dio inicio a los trabajos para\u00a0el rescate de los cuerpos de los mineros en Pasta de Conchos, Coahuila.<\/p>\n\n\n\n<p>\u201cYa comenzamos los trabajos de rescate\u00a0y estamos comprometidos en que vamos a rescatar a los mineros, est\u00e1 trabajando la CFE, ya iniciamos los trabajos, se tiene el predio, tenemos comunicaci\u00f3n permanente con los familiares, ya se est\u00e1 reparando el da\u00f1o a lo que corresponde al Estado\u201d, dijo.<\/p>\n\n\n\n<p>\u200bEn\u00a0La Ma\u00f1anera, el mandatario record\u00f3 que el Gobierno tiene el compromiso de buscar reparar el da\u00f1o a las familias de los trabajadores de la mina. Sostuvo que\u00a0su \u00fanica preocupaci\u00f3n es que el tiempo no sea suficiente,\u00a0pero destac\u00f3 que ya se iniciaron las labores.<\/p>\n\n\n\n<p>\u201cSe tienen que hacer t\u00faneles nuevos para llegar a donde se piensa est\u00e1n los cuerpos. Son t\u00faneles profundos y largos y tenemos que cuidar que no haya accidentes por acumulaci\u00f3n de gases, pero ya est\u00e1 la CFE trabajando\u201d, sostuvo.<\/p>\n\n\n\n<p>Adem\u00e1s, L\u00f3pez Obrador se\u00f1al\u00f3 que\u00a0\u00e9l mismo aprob\u00f3 el presupuesto\u00a0para que la Secretar\u00eda de Hacienda proporcionara los recursos necesarios a la CFE, as\u00ed como\u00a0el pago de las indemnizaciones a familiares. \u201cQued\u00e9 en regresar, voy a estar con ellos y no podemos incumplir con ese compromiso\u201d, reiter\u00f3.<\/p>\n\n\n\n<p>En cuanto al proceso legal que conlleva, el presidente apunt\u00f3 que se debe mantener abierto, pero que el seguimiento del caso le corresponde a la Fiscal\u00eda General de la Rep\u00fablica (FGR. \u201cSi hay denuncias, se debe de actuar, no detener nada, no limitar el derecho de familiares de denunciar a los presuntos responsables\u201d, coment\u00f3.<\/p>\n\n\n\n<p>Sin embargo, destac\u00f3 que lo que le corresponde\u00a0al Ejecutivo es la reparaci\u00f3n de los da\u00f1os, apoyar, dar indemnizaciones a los familiares, y el rescate de los cuerpos. Esto, despu\u00e9s de reuniones y consenso entre los familiares de los mineros.<\/p>\n\n\n\n<p>Fuente: Milenio<\/p>\n","protected":false},"excerpt":{"rendered":"<p>El presidente Andr\u00e9s Manuel L\u00f3pez Obrador dio a conocer que, junto con la Comisi\u00f3n Federal de Electricidad (CFE), se dio inicio a los trabajos para\u00a0el rescate de los cuerpos de los mineros en Pasta de Conchos, Coahuila. \u201cYa comenzamos los trabajos de rescate\u00a0y estamos comprometidos en que vamos a rescatar a los mineros, est\u00e1 trabajando<a class=\"read-more\" href=\"https:\/\/globalnewsmexico.com\/sitio\/ya-empezaron-labores-de-rescate-de-cuerpos-en-mina-de-pasta-de-conchos\/\">Leer m\u00e1s<\/a><\/p>\n","protected":false},"author":5,"featured_media":61822,"comment_status":"closed","ping_status":"open","sticky":false,"template":"","format":"standard","meta":{"spay_email":"","footnotes":""},"categories":[37,8,49,52],"tags":[],"jetpack_featured_media_url":"https:\/\/i2.wp.com\/globalnewsmexico.com\/sitio\/wp-content\/uploads\/2021\/02\/mina-pasta-conchos-visitada-presidente_0_27_1200_746.jpeg?fit=958%2C596&ssl=1","jetpack_sharing_enabled":true,"jetpack_shortlink":"https:\/\/wp.me\/p9yqPL-g57","jetpack_likes_enabled":true,"_links":{"self":[{"href":"https:\/\/globalnewsmexico.com\/sitio\/wp-json\/wp\/v2\/posts\/61821"}],"collection":[{"href":"https:\/\/globalnewsmexico.com\/sitio\/wp-json\/wp\/v2\/posts"}],"about":[{"href":"https:\/\/globalnewsmexico.com\/sitio\/wp-json\/wp\/v2\/types\/post"}],"author":[{"embeddable":true,"href":"https:\/\/globalnewsmexico.com\/sitio\/wp-json\/wp\/v2\/users\/5"}],"replies":[{"embeddable":true,"href":"https:\/\/globalnewsmexico.com\/sitio\/wp-json\/wp\/v2\/comments?post=61821"}],"version-history":[{"count":0,"href":"https:\/\/globalnewsmexico.com\/sitio\/wp-json\/wp\/v2\/posts\/61821\/revisions"}],"wp:featuredmedia":[{"embeddable":true,"href":"https:\/\/globalnewsmexico.com\/sitio\/wp-json\/wp\/v2\/media\/61822"}],"wp:attachment":[{"href":"https:\/\/globalnewsmexico.com\/sitio\/wp-json\/wp\/v2\/media?parent=61821"}],"wp:term":[{"taxonomy":"category","embeddable":true,"href":"https:\/\/globalnewsmexico.com\/sitio\/wp-json\/wp\/v2\/categories?post=61821"},{"taxonomy":"post_tag","embeddable":true,"href":"https:\/\/globalnewsmexico.com\/sitio\/wp-json\/wp\/v2\/tags?post=61821"}],"curies":[{"name":"wp","href":"https:\/\/api.w.org\/{rel}","templated":true}]}}