{"id":61844,"date":"2021-02-19T13:53:42","date_gmt":"2021-02-19T19:53:42","guid":{"rendered":"http:\/\/globalnewsmexico.com\/sitio\/?p=61844"},"modified":"2021-02-19T13:53:46","modified_gmt":"2021-02-19T19:53:46","slug":"sentencian-a-33-anos-de-prision-a-secuestradores-en-cordoba","status":"publish","type":"post","link":"https:\/\/globalnewsmexico.com\/sitio\/sentencian-a-33-anos-de-prision-a-secuestradores-en-cordoba\/","title":{"rendered":"Sentencian a 33 a\u00f1os de prisi\u00f3n a secuestradores en C\u00f3rdoba"},"content":{"rendered":"\n<p>La Unidad Especializada en Combate al Secuestro (UECS) con sede en C\u00f3rdoba obtuvo del juez dos sentencias condenatorias de 33 a\u00f1os y tres meses de prisi\u00f3n, en contra de dos secuestradores.<\/p>\n\n\n\n<p>Ante la presentaci\u00f3n de pruebas contundentes, el juez de Enjuiciamiento dict\u00f3 penas privativas de libertad en contra de Jes\u00fas Andr\u00e9 &#8216;N&#8217; y Jos\u00e9 Iv\u00e1n &#8216;N&#8217;, quienes privaron de la libertad a una v\u00edctima de identidad reservada el 12 de febrero de 2019, en la localidad San Jos\u00e9 de Enmedio, municipio de Yanga, como consta en el Proceso Penal 47\/2019.<\/p>\n\n\n\n<p>Mediante la integraci\u00f3n de la indagatoria y del despliegue de elementos de la UECS, la investigaci\u00f3n continu\u00f3 su curso hasta lograr la identificaci\u00f3n, ubicaci\u00f3n, detenci\u00f3n en flagrancia y procesamiento en contra de los responsables de cometer el delito de secuestro.<\/p>\n\n\n\n<p>Luego de agotar todas las fases procesales y demostrar fehacientemente su culpabilidad, fueron dictadas las sentencias condenatorias de 33 a\u00f1os y tres meses de prisi\u00f3n, se les impuso la obligaci\u00f3n del pago de 4 mil d\u00edas de salario m\u00ednimo y la suspensi\u00f3n de sus derechos pol\u00edticos y civiles.<\/p>\n","protected":false},"excerpt":{"rendered":"<p>La Unidad Especializada en Combate al Secuestro (UECS) con sede en C\u00f3rdoba obtuvo del juez dos sentencias condenatorias de 33 a\u00f1os y tres meses de prisi\u00f3n, en contra de dos secuestradores. Ante la presentaci\u00f3n de pruebas contundentes, el juez de Enjuiciamiento dict\u00f3 penas privativas de libertad en contra de Jes\u00fas Andr\u00e9 &#8216;N&#8217; y Jos\u00e9 Iv\u00e1n<a class=\"read-more\" href=\"https:\/\/globalnewsmexico.com\/sitio\/sentencian-a-33-anos-de-prision-a-secuestradores-en-cordoba\/\">Leer m\u00e1s<\/a><\/p>\n","protected":false},"author":5,"featured_media":61845,"comment_status":"closed","ping_status":"open","sticky":false,"template":"","format":"standard","meta":{"spay_email":"","footnotes":""},"categories":[37,8,50,52],"tags":[],"jetpack_featured_media_url":"https:\/\/i1.wp.com\/globalnewsmexico.com\/sitio\/wp-content\/uploads\/2021\/02\/4928a75b-f132-497d-9296-70dc51c8c46f.jpg?fit=1040%2C1040&ssl=1","jetpack_sharing_enabled":true,"jetpack_shortlink":"https:\/\/wp.me\/p9yqPL-g5u","jetpack_likes_enabled":true,"_links":{"self":[{"href":"https:\/\/globalnewsmexico.com\/sitio\/wp-json\/wp\/v2\/posts\/61844"}],"collection":[{"href":"https:\/\/globalnewsmexico.com\/sitio\/wp-json\/wp\/v2\/posts"}],"about":[{"href":"https:\/\/globalnewsmexico.com\/sitio\/wp-json\/wp\/v2\/types\/post"}],"author":[{"embeddable":true,"href":"https:\/\/globalnewsmexico.com\/sitio\/wp-json\/wp\/v2\/users\/5"}],"replies":[{"embeddable":true,"href":"https:\/\/globalnewsmexico.com\/sitio\/wp-json\/wp\/v2\/comments?post=61844"}],"version-history":[{"count":0,"href":"https:\/\/globalnewsmexico.com\/sitio\/wp-json\/wp\/v2\/posts\/61844\/revisions"}],"wp:featuredmedia":[{"embeddable":true,"href":"https:\/\/globalnewsmexico.com\/sitio\/wp-json\/wp\/v2\/media\/61845"}],"wp:attachment":[{"href":"https:\/\/globalnewsmexico.com\/sitio\/wp-json\/wp\/v2\/media?parent=61844"}],"wp:term":[{"taxonomy":"category","embeddable":true,"href":"https:\/\/globalnewsmexico.com\/sitio\/wp-json\/wp\/v2\/categories?post=61844"},{"taxonomy":"post_tag","embeddable":true,"href":"https:\/\/globalnewsmexico.com\/sitio\/wp-json\/wp\/v2\/tags?post=61844"}],"curies":[{"name":"wp","href":"https:\/\/api.w.org\/{rel}","templated":true}]}}