{"id":61862,"date":"2021-02-19T19:14:14","date_gmt":"2021-02-20T01:14:14","guid":{"rendered":"http:\/\/globalnewsmexico.com\/sitio\/?p=61862"},"modified":"2021-02-19T19:14:20","modified_gmt":"2021-02-20T01:14:20","slug":"garantizada-la-continuidad-de-la-comision-legislativa-para-el-corredor-interoceanico","status":"publish","type":"post","link":"https:\/\/globalnewsmexico.com\/sitio\/garantizada-la-continuidad-de-la-comision-legislativa-para-el-corredor-interoceanico\/","title":{"rendered":"Garantizada la continuidad de la Comisi\u00f3n Legislativa para el Corredor Interoce\u00e1nico"},"content":{"rendered":"\n<p>Tras asumir la presidencia de la Comisi\u00f3n Permanente de Corredor Interoce\u00e1nico (CIIT), Zonas Libres y Desarrollo Econ\u00f3mico, el diputado local, Jes\u00fas Mart\u00ednez Mendoza, se comprometi\u00f3 a dar continuidad a todas las gestiones que llev\u00f3 a cabo el diputado con licencia, Amado Cruz Malpica, para atraer nuevas inversiones en Coatzacoalcos y en fomento al empleo.<\/p>\n\n\n\n<p>Este jueves, con el aval de los diputados de la LXV Legislatura, el diputado Jes\u00fas Mart\u00ednez Mendoza fue designado presidente de dicha comisi\u00f3n legislativa;<br>adem\u00e1s, el legislador local fungir\u00e1 como secretario de la Comisi\u00f3n de Organizaci\u00f3n Pol\u00edtica y Procesos Electorales, y como vocal en la Comisi\u00f3n de Promoci\u00f3n Comercial y Fomento a la Inversi\u00f3n, durante todo el periodo de licencia de Amado J.Cruz Malpica.<\/p>\n\n\n\n<p>\u00abPara nosotros es muy importante continuar con la labor que hab\u00eda realizado Amado Cruz Malpica dentro del contexto del desarrollo del Corredor Interoce\u00e1nico. Esta es una buena noticia porque vamos a continuar haciendo gestiones a favor de Coatzacoalcos\u201d, explic\u00f3, en entrevista.<\/p>\n\n\n\n<p>El legislador local del Distrito XXIX (Coatzacoalcos I) se congratul\u00f3 de presidir dicha Comisi\u00f3n legislativa, la cual significa un compromiso importante para detonar la econom\u00eda de la regi\u00f3n del Istmo de Tehuantepec.<\/p>\n\n\n\n<p>\u201cPara este a\u00f1o hay una fuerte inversi\u00f3n por parte del Gobierno; contin\u00faan las obras en los tramos del tren trans\u00edstmico. Y en Coatzacoalcos hay confianza de las empresas privadas al contar con inversiones en la zona industrial\u201d, mencion\u00f3.<\/p>\n\n\n\n<p>El diputado Jes\u00fas Mart\u00ednez dijo que la funci\u00f3n principal de la Comisi\u00f3n del Corredor Interoce\u00e1nico ser\u00e1 la de ser un interlocutor desde el Congreso con los 3 niveles de Gobierno para facilitar el asentamiento de nuevas empresas.<\/p>\n\n\n\n<p>Record\u00f3 que adem\u00e1s como legislador local dar\u00e1 tr\u00e1mite a las solicitudes ciudadanas planteadas ante la Casa de Gesti\u00f3n Coatzacoalcos ubicada en la avenida Zamora 321, durante todo el periodo de licencia de Amado Cruz Malpica.<\/p>\n","protected":false},"excerpt":{"rendered":"<p>Tras asumir la presidencia de la Comisi\u00f3n Permanente de Corredor Interoce\u00e1nico (CIIT), Zonas Libres y Desarrollo Econ\u00f3mico, el diputado local, Jes\u00fas Mart\u00ednez Mendoza, se comprometi\u00f3 a dar continuidad a todas las gestiones que llev\u00f3 a cabo el diputado con licencia, Amado Cruz Malpica, para atraer nuevas inversiones en Coatzacoalcos y en fomento al empleo. Este<a class=\"read-more\" href=\"https:\/\/globalnewsmexico.com\/sitio\/garantizada-la-continuidad-de-la-comision-legislativa-para-el-corredor-interoceanico\/\">Leer m\u00e1s<\/a><\/p>\n","protected":false},"author":5,"featured_media":61864,"comment_status":"closed","ping_status":"open","sticky":false,"template":"","format":"standard","meta":{"spay_email":"","footnotes":""},"categories":[37,8,50,52],"tags":[],"jetpack_featured_media_url":"https:\/\/i1.wp.com\/globalnewsmexico.com\/sitio\/wp-content\/uploads\/2021\/02\/6873c7fd-cf23-4444-8aba-2192df942277.jpg?fit=1024%2C683&ssl=1","jetpack_sharing_enabled":true,"jetpack_shortlink":"https:\/\/wp.me\/p9yqPL-g5M","jetpack_likes_enabled":true,"_links":{"self":[{"href":"https:\/\/globalnewsmexico.com\/sitio\/wp-json\/wp\/v2\/posts\/61862"}],"collection":[{"href":"https:\/\/globalnewsmexico.com\/sitio\/wp-json\/wp\/v2\/posts"}],"about":[{"href":"https:\/\/globalnewsmexico.com\/sitio\/wp-json\/wp\/v2\/types\/post"}],"author":[{"embeddable":true,"href":"https:\/\/globalnewsmexico.com\/sitio\/wp-json\/wp\/v2\/users\/5"}],"replies":[{"embeddable":true,"href":"https:\/\/globalnewsmexico.com\/sitio\/wp-json\/wp\/v2\/comments?post=61862"}],"version-history":[{"count":0,"href":"https:\/\/globalnewsmexico.com\/sitio\/wp-json\/wp\/v2\/posts\/61862\/revisions"}],"wp:featuredmedia":[{"embeddable":true,"href":"https:\/\/globalnewsmexico.com\/sitio\/wp-json\/wp\/v2\/media\/61864"}],"wp:attachment":[{"href":"https:\/\/globalnewsmexico.com\/sitio\/wp-json\/wp\/v2\/media?parent=61862"}],"wp:term":[{"taxonomy":"category","embeddable":true,"href":"https:\/\/globalnewsmexico.com\/sitio\/wp-json\/wp\/v2\/categories?post=61862"},{"taxonomy":"post_tag","embeddable":true,"href":"https:\/\/globalnewsmexico.com\/sitio\/wp-json\/wp\/v2\/tags?post=61862"}],"curies":[{"name":"wp","href":"https:\/\/api.w.org\/{rel}","templated":true}]}}