{"id":61917,"date":"2021-02-20T18:48:55","date_gmt":"2021-02-21T00:48:55","guid":{"rendered":"http:\/\/globalnewsmexico.com\/sitio\/?p=61917"},"modified":"2021-02-20T18:49:06","modified_gmt":"2021-02-21T00:49:06","slug":"mejora-ayuntamiento-de-cordoba-condiciones-de-calle-4","status":"publish","type":"post","link":"https:\/\/globalnewsmexico.com\/sitio\/mejora-ayuntamiento-de-cordoba-condiciones-de-calle-4\/","title":{"rendered":"Mejora Ayuntamiento de C\u00f3rdoba condiciones de calle 4"},"content":{"rendered":"\n<p>Vecinos del fraccionamiento Alameda reconocieron la obra de rehabilitaci\u00f3n con pavimento hidr\u00e1ulico que lleva a cabo el Ayuntamiento de C\u00f3rdoba en calle 4, en su tramo de avenida 15 a la 17; se\u00f1alaron que esta acci\u00f3n mejor\u00f3 la imagen urbana de la zona y contribuy\u00f3 a recuperar el sentido de comunidad.<\/p>\n\n\n\n<p>\u201cPor a\u00f1os hemos luchado por el mejoramiento de esta calle, pues hab\u00eda grandes riesgos. Ahora vamos a vivir m\u00e1s seguros, incluso las propiedades adquieren plusval\u00eda\u201d, coment\u00f3 Dulce Mar\u00eda Fern\u00e1ndez Lim\u00f3n, vecina del lugar.<\/p>\n\n\n\n<p>Rosa Mart\u00ednez, quien lleva m\u00e1s de 30 a\u00f1os viviendo en la calle 4, afirm\u00f3 que con esta obra se mejorar\u00e1 la imagen urbana de la zona, lo que promover\u00e1 una mayor convivencia entre los mismos vecinos que podr\u00e1n disfrutar de un espacio m\u00e1s tranquilo para vivir.<\/p>\n\n\n\n<p>La presidenta Leticia L\u00f3pez Landero indic\u00f3 que gracias a la gesti\u00f3n ordenada y transparente de los recursos p\u00fablicos se logr\u00f3 mejorar m\u00e1s de mil 109 metros cuadrados de concreto hidr\u00e1ulico, y adicionalmente, banquetas y servicios b\u00e1sicos como drenaje y alumbrado.<\/p>\n\n\n\n<p>\u201cEs una inversi\u00f3n de seis millones de pesos que el Ayuntamiento aplic\u00f3 en esta zona. El objetivo era, adem\u00e1s de promover una mejora a la infraestructura municipal, impulsar la recuperaci\u00f3n de la convivencia vecinal y promover la seguridad\u201d, indic\u00f3 la Mun\u00edcipe.<\/p>\n\n\n\n<p>Dijo que durante su administraci\u00f3n se han llevado a cabo m\u00e1s de mil 500 acciones de obra social, en las que se han invertido m\u00e1s de 350 millones de pesos con el objetivo de promover una obra social que mejore la calidad de vida de las familias cordobesas.<\/p>\n\n\n\n<p>\u201cHemos dado prioridad a aquellas zonas y familias que por a\u00f1os no hab\u00edan sido escuchadas; en mi gobierno, los que menos tienen, lo que no hab\u00edan sido escuchados, van primero\u201d, se\u00f1al\u00f3 L\u00f3pez Landero.<\/p>\n\n\n\n<p>Indico que esta acci\u00f3n se logr\u00f3 gracias al manejo eficiente, transparente y oportuno de los recursos p\u00fablicos, con lo que atendi\u00f3 a las y los vecinos que por a\u00f1os solicitaron la mejora de su calle.<\/p>\n\n\n\n<p><\/p>\n","protected":false},"excerpt":{"rendered":"<p>Vecinos del fraccionamiento Alameda reconocieron la obra de rehabilitaci\u00f3n con pavimento hidr\u00e1ulico que lleva a cabo el Ayuntamiento de C\u00f3rdoba en calle 4, en su tramo de avenida 15 a la 17; se\u00f1alaron que esta acci\u00f3n mejor\u00f3 la imagen urbana de la zona y contribuy\u00f3 a recuperar el sentido de comunidad. \u201cPor a\u00f1os hemos luchado<a class=\"read-more\" href=\"https:\/\/globalnewsmexico.com\/sitio\/mejora-ayuntamiento-de-cordoba-condiciones-de-calle-4\/\">Leer m\u00e1s<\/a><\/p>\n","protected":false},"author":5,"featured_media":61918,"comment_status":"closed","ping_status":"open","sticky":false,"template":"","format":"standard","meta":{"spay_email":"","footnotes":""},"categories":[37,8,50,52],"tags":[],"jetpack_featured_media_url":"https:\/\/i0.wp.com\/globalnewsmexico.com\/sitio\/wp-content\/uploads\/2021\/02\/IMG-20210220-WA0008.jpg?fit=1024%2C658&ssl=1","jetpack_sharing_enabled":true,"jetpack_shortlink":"https:\/\/wp.me\/p9yqPL-g6F","jetpack_likes_enabled":true,"_links":{"self":[{"href":"https:\/\/globalnewsmexico.com\/sitio\/wp-json\/wp\/v2\/posts\/61917"}],"collection":[{"href":"https:\/\/globalnewsmexico.com\/sitio\/wp-json\/wp\/v2\/posts"}],"about":[{"href":"https:\/\/globalnewsmexico.com\/sitio\/wp-json\/wp\/v2\/types\/post"}],"author":[{"embeddable":true,"href":"https:\/\/globalnewsmexico.com\/sitio\/wp-json\/wp\/v2\/users\/5"}],"replies":[{"embeddable":true,"href":"https:\/\/globalnewsmexico.com\/sitio\/wp-json\/wp\/v2\/comments?post=61917"}],"version-history":[{"count":0,"href":"https:\/\/globalnewsmexico.com\/sitio\/wp-json\/wp\/v2\/posts\/61917\/revisions"}],"wp:featuredmedia":[{"embeddable":true,"href":"https:\/\/globalnewsmexico.com\/sitio\/wp-json\/wp\/v2\/media\/61918"}],"wp:attachment":[{"href":"https:\/\/globalnewsmexico.com\/sitio\/wp-json\/wp\/v2\/media?parent=61917"}],"wp:term":[{"taxonomy":"category","embeddable":true,"href":"https:\/\/globalnewsmexico.com\/sitio\/wp-json\/wp\/v2\/categories?post=61917"},{"taxonomy":"post_tag","embeddable":true,"href":"https:\/\/globalnewsmexico.com\/sitio\/wp-json\/wp\/v2\/tags?post=61917"}],"curies":[{"name":"wp","href":"https:\/\/api.w.org\/{rel}","templated":true}]}}