{"id":61927,"date":"2021-02-22T09:38:43","date_gmt":"2021-02-22T15:38:43","guid":{"rendered":"http:\/\/globalnewsmexico.com\/sitio\/?p=61927"},"modified":"2021-02-22T09:38:49","modified_gmt":"2021-02-22T15:38:49","slug":"presidente-de-argentina-llega-a-mexico-amlo-le-da-la-bienvenida","status":"publish","type":"post","link":"https:\/\/globalnewsmexico.com\/sitio\/presidente-de-argentina-llega-a-mexico-amlo-le-da-la-bienvenida\/","title":{"rendered":"Presidente de Argentina llega a M\u00e9xico; AMLO le da la bienvenida"},"content":{"rendered":"\n<p>El presidente de Argentina,\u00a0Alberto Fern\u00e1ndez; la primera dama, Fabiola Y\u00e1\u00f1ez, y la comitiva oficial argentina llegaron a M\u00e9xico\u00a0para participar en las celebraciones del\u00a0bicentenario de la Independencia\u00a0del pa\u00eds, en atenci\u00f3n a la invitaci\u00f3n del presidente\u00a0Andr\u00e9s Manuel L\u00f3pez Obrador.<\/p>\n\n\n\n<p>Fueron recibidos esta ma\u00f1ana por el secretario de Relaciones Exteriores,\u00a0Marcelo Ebrard, en el Aeropuerto Internacional de la Ciudad de M\u00e9xico.<\/p>\n\n\n\n<p>Una comitiva encabezada por el canciller Ebrard y otros integrantes del gabinete del presidente L\u00f3pez Obrador, acompa\u00f1ados del embajador de Argentina en M\u00e9xico, Carlos Tomada, esperaron la llegada del presidente argentino.<\/p>\n\n\n\n<p>La comitiva argentina descendi\u00f3 del avi\u00f3n luego de un toque de trompeta solemne por parte de integrantes de las Fuerzas Armadas.<\/p>\n\n\n\n<p>En su primer d\u00eda de visita, Fern\u00e1ndez tendr\u00e1 en el Hotel Intercontinental Presidente M\u00e9xico City una\u00a0reuni\u00f3n de trabajo con empresarios mexicanos con inversiones en Argentina\u00a0y, por la noche, en la Embajada argentina, un encuentro con intelectuales mexicanos.<\/p>\n\n\n\n<p>Tambi\u00e9n visitar\u00e1, junto con Ebrard y el canciller argentino, Felipe Sol\u00e1, el\u00a0laboratorio Liomont, en la alcald\u00eda Cuajimalpa.\u00a0All\u00ed se envasan dosis de la vacuna contra covid-19 desarrollada por la Universidad de Oxford y el laboratorio AstraZeneca y que, por un acuerdo con esos desarrolladores, son fabricadas en el laboratorio argentino mAbxience, perteneciente al Grupo Insud.<\/p>\n\n\n\n<h2 class=\"wp-block-heading\">AMLO da la bienvenida al presidente de Argentina&nbsp;<\/h2>\n\n\n\n<p>El presidente Andr\u00e9s Manuel L\u00f3pez Obrador dio la bienvenida desde Palacio Nacional al presidente de Argentina, quien a partir de hoy tiene una visita oficial a M\u00e9xico.<\/p>\n\n\n\n<p>L\u00f3pez Obrador inform\u00f3 en el Sal\u00f3n Tesorer\u00eda que Fern\u00e1ndez ser\u00e1 recibido oficialmente ma\u00f1ana a las 6:45 de la ma\u00f1ana en Palacio Nacional para despu\u00e9s participar en la conferencia ma\u00f1anera.<\/p>\n\n\n\n<p>\u00abQuiero dar la bienvenida al presidente de Argentina Alberto Fern\u00e1ndez, lleg\u00f3 hoy muy temprano, es nuestro invitado especial para la ceremonia de conmemoraci\u00f3n de los 200 a\u00f1os de la proclamaci\u00f3n del Plan de Iguala. Nos va a acompa\u00f1ar en Iguala el mi\u00e9rcoles. Tambi\u00e9n va a estar con nosotros ma\u00f1ana, lo invit\u00e9 y acept\u00f3 estar en esta conferencia, nos va a acompa\u00f1ar en la ma\u00f1anera de ma\u00f1ana la que hacemos todos los d\u00edas\u00bb, destac\u00f3.<\/p>\n\n\n\n<p>Fuente: Milenio<\/p>\n","protected":false},"excerpt":{"rendered":"<p>El presidente de Argentina,\u00a0Alberto Fern\u00e1ndez; la primera dama, Fabiola Y\u00e1\u00f1ez, y la comitiva oficial argentina llegaron a M\u00e9xico\u00a0para participar en las celebraciones del\u00a0bicentenario de la Independencia\u00a0del pa\u00eds, en atenci\u00f3n a la invitaci\u00f3n del presidente\u00a0Andr\u00e9s Manuel L\u00f3pez Obrador. Fueron recibidos esta ma\u00f1ana por el secretario de Relaciones Exteriores,\u00a0Marcelo Ebrard, en el Aeropuerto Internacional de la Ciudad<a class=\"read-more\" href=\"https:\/\/globalnewsmexico.com\/sitio\/presidente-de-argentina-llega-a-mexico-amlo-le-da-la-bienvenida\/\">Leer m\u00e1s<\/a><\/p>\n","protected":false},"author":5,"featured_media":61928,"comment_status":"closed","ping_status":"open","sticky":false,"template":"","format":"standard","meta":{"spay_email":"","footnotes":""},"categories":[37,8,39,52],"tags":[],"jetpack_featured_media_url":"https:\/\/i0.wp.com\/globalnewsmexico.com\/sitio\/wp-content\/uploads\/2021\/02\/presidente-argentino-alberto-fernandez-izquierda.jpg?fit=958%2C596&ssl=1","jetpack_sharing_enabled":true,"jetpack_shortlink":"https:\/\/wp.me\/p9yqPL-g6P","jetpack_likes_enabled":true,"_links":{"self":[{"href":"https:\/\/globalnewsmexico.com\/sitio\/wp-json\/wp\/v2\/posts\/61927"}],"collection":[{"href":"https:\/\/globalnewsmexico.com\/sitio\/wp-json\/wp\/v2\/posts"}],"about":[{"href":"https:\/\/globalnewsmexico.com\/sitio\/wp-json\/wp\/v2\/types\/post"}],"author":[{"embeddable":true,"href":"https:\/\/globalnewsmexico.com\/sitio\/wp-json\/wp\/v2\/users\/5"}],"replies":[{"embeddable":true,"href":"https:\/\/globalnewsmexico.com\/sitio\/wp-json\/wp\/v2\/comments?post=61927"}],"version-history":[{"count":0,"href":"https:\/\/globalnewsmexico.com\/sitio\/wp-json\/wp\/v2\/posts\/61927\/revisions"}],"wp:featuredmedia":[{"embeddable":true,"href":"https:\/\/globalnewsmexico.com\/sitio\/wp-json\/wp\/v2\/media\/61928"}],"wp:attachment":[{"href":"https:\/\/globalnewsmexico.com\/sitio\/wp-json\/wp\/v2\/media?parent=61927"}],"wp:term":[{"taxonomy":"category","embeddable":true,"href":"https:\/\/globalnewsmexico.com\/sitio\/wp-json\/wp\/v2\/categories?post=61927"},{"taxonomy":"post_tag","embeddable":true,"href":"https:\/\/globalnewsmexico.com\/sitio\/wp-json\/wp\/v2\/tags?post=61927"}],"curies":[{"name":"wp","href":"https:\/\/api.w.org\/{rel}","templated":true}]}}