{"id":61949,"date":"2021-02-22T13:20:48","date_gmt":"2021-02-22T19:20:48","guid":{"rendered":"http:\/\/globalnewsmexico.com\/sitio\/?p=61949"},"modified":"2021-02-22T13:20:55","modified_gmt":"2021-02-22T19:20:55","slug":"amlo-defiende-candidaturas-de-artistas-y-deportistas-para-elecciones-de-2021","status":"publish","type":"post","link":"https:\/\/globalnewsmexico.com\/sitio\/amlo-defiende-candidaturas-de-artistas-y-deportistas-para-elecciones-de-2021\/","title":{"rendered":"AMLO defiende candidaturas de artistas y deportistas para elecciones de 2021"},"content":{"rendered":"\n<p>El presidente\u00a0Andr\u00e9s Manuel L\u00f3pez Obrador\u00a0defendi\u00f3 las candidaturas de artistas y deportistas a puestos de elecci\u00f3n popular, al argumentar que es un derecho ciudadano el votar y ser votado.<\/p>\n\n\n\n<p>El mandatario federal dijo que qued\u00f3 demostrado que cualquier ciudadano puede participar en un proceso electoral y, posteriormente, en pol\u00edtica con las rifas de\u00a0candidaturas que hizo Morena\u00a0en la elecci\u00f3n pasada, pues todos actuaron con dignidad.<\/p>\n\n\n\n<p>\u00abTienen todo el derecho es leg\u00edtimo y es legal.\u00a0De acuerdo a la constituci\u00f3n es un derecho ciudadano y no descalifiquemos a priori, dejemos que el escrutinio, la decisi\u00f3n, quede en manos del pueblo. No estemos pensando que el pueblo es menor de edad, que necesita tutela, eso se pensaba en el porfiriato por eso no le daban la ciudadan\u00eda al pueblo raso\u00bb, expres\u00f3.<\/p>\n\n\n\n<p>El mandatario mencion\u00f3 que el pueblo de M\u00e9xico ha demostrado ser consciente e informado, pero en el pensamiento conservador prevalece la idea de que solo existen las \u00e9lites y el c\u00edrculo rojo y el pueblo no existe.&nbsp;<\/p>\n\n\n\n<p>Por tanto, asegur\u00f3 que no se ha entendido que se est\u00e1n viviendo otros tiempos en M\u00e9xico \u00abpor qu\u00e9 no un artista, un deportista, un campesino, un obrero\u00bb.<\/p>\n\n\n\n<p>\u00abHace poco, cuando se opt\u00f3 por nombrar en procesos de insaculaci\u00f3n, rifas, sorteos a candidatos en un partido que no voy a mencionar dicen c\u00f3mo es posible si necesitamos parlamentarios, c\u00f3mo una ama de casa, como una ind\u00edgena una maestra va a llegar a ser legisladora.<\/p>\n\n\n\n<p>Adem\u00e1s no van a resistir los ca\u00f1onazos, se van a vender. Cu\u00e1l fue la experiencia, me consta, nadie se vendi\u00f3 al contrario actuaron con mucha dignidad. \u00bfQui\u00e9nes se venden? Los que no tienen principios ni ideales aunque hayan estudiado en Harvard, aunque tengan t\u00edtulos de doctores si no tienen verg\u00fcenza, no tienen ideales ni principios, son acomodaticios entonces no resisten las tentaciones\u00bb, agreg\u00f3.<\/p>\n\n\n\n<p>L\u00f3pez Obrador\u00a0afirm\u00f3 que se tiene que ir entendiendo que el pueblo manda\u00a0y es quien debe tomar las decisiones porque es sabio.<\/p>\n\n\n\n<p>Para este proceso electoral se han registrado personajes como Paquita la del Barrio, Adolfo R\u00edos, Rommel Pacheco, Tinieblas Jr, Mariana\u00a0<em>La Barbie<\/em>\u00a0Ju\u00e1rez, Jos\u00e9 Luis S\u00e1nchez\u00a0<em>El Chel\u00eds<\/em>, Adolfo\u00a0<em>El Bofo<\/em>\u00a0Bautista, entre otros.<\/p>\n\n\n\n<p>Fuente: Milenio<\/p>\n","protected":false},"excerpt":{"rendered":"<p>El presidente\u00a0Andr\u00e9s Manuel L\u00f3pez Obrador\u00a0defendi\u00f3 las candidaturas de artistas y deportistas a puestos de elecci\u00f3n popular, al argumentar que es un derecho ciudadano el votar y ser votado. El mandatario federal dijo que qued\u00f3 demostrado que cualquier ciudadano puede participar en un proceso electoral y, posteriormente, en pol\u00edtica con las rifas de\u00a0candidaturas que hizo Morena\u00a0en<a class=\"read-more\" href=\"https:\/\/globalnewsmexico.com\/sitio\/amlo-defiende-candidaturas-de-artistas-y-deportistas-para-elecciones-de-2021\/\">Leer m\u00e1s<\/a><\/p>\n","protected":false},"author":5,"featured_media":61950,"comment_status":"closed","ping_status":"open","sticky":false,"template":"","format":"standard","meta":{"spay_email":"","footnotes":""},"categories":[37,8,40,52],"tags":[],"jetpack_featured_media_url":"https:\/\/i2.wp.com\/globalnewsmexico.com\/sitio\/wp-content\/uploads\/2021\/02\/presidente-andres-manuel-lopez-obrador-1178.jpg?fit=958%2C596&ssl=1","jetpack_sharing_enabled":true,"jetpack_shortlink":"https:\/\/wp.me\/p9yqPL-g7b","jetpack_likes_enabled":true,"_links":{"self":[{"href":"https:\/\/globalnewsmexico.com\/sitio\/wp-json\/wp\/v2\/posts\/61949"}],"collection":[{"href":"https:\/\/globalnewsmexico.com\/sitio\/wp-json\/wp\/v2\/posts"}],"about":[{"href":"https:\/\/globalnewsmexico.com\/sitio\/wp-json\/wp\/v2\/types\/post"}],"author":[{"embeddable":true,"href":"https:\/\/globalnewsmexico.com\/sitio\/wp-json\/wp\/v2\/users\/5"}],"replies":[{"embeddable":true,"href":"https:\/\/globalnewsmexico.com\/sitio\/wp-json\/wp\/v2\/comments?post=61949"}],"version-history":[{"count":0,"href":"https:\/\/globalnewsmexico.com\/sitio\/wp-json\/wp\/v2\/posts\/61949\/revisions"}],"wp:featuredmedia":[{"embeddable":true,"href":"https:\/\/globalnewsmexico.com\/sitio\/wp-json\/wp\/v2\/media\/61950"}],"wp:attachment":[{"href":"https:\/\/globalnewsmexico.com\/sitio\/wp-json\/wp\/v2\/media?parent=61949"}],"wp:term":[{"taxonomy":"category","embeddable":true,"href":"https:\/\/globalnewsmexico.com\/sitio\/wp-json\/wp\/v2\/categories?post=61949"},{"taxonomy":"post_tag","embeddable":true,"href":"https:\/\/globalnewsmexico.com\/sitio\/wp-json\/wp\/v2\/tags?post=61949"}],"curies":[{"name":"wp","href":"https:\/\/api.w.org\/{rel}","templated":true}]}}