{"id":61960,"date":"2021-02-22T14:53:25","date_gmt":"2021-02-22T20:53:25","guid":{"rendered":"http:\/\/globalnewsmexico.com\/sitio\/?p=61960"},"modified":"2021-02-22T14:53:32","modified_gmt":"2021-02-22T20:53:32","slug":"estos-son-los-nuevos-15-municipios-de-veracruz-donde-aplicaran-la-vacuna-contra-el-covid-19","status":"publish","type":"post","link":"https:\/\/globalnewsmexico.com\/sitio\/estos-son-los-nuevos-15-municipios-de-veracruz-donde-aplicaran-la-vacuna-contra-el-covid-19\/","title":{"rendered":"Estos son los nuevos 15 municipios de Veracruz donde aplicar\u00e1n la vacuna contra el COVID-19"},"content":{"rendered":"\n<p>La Delegaci\u00f3n\u00a0de Programas para el Desarrollo en Veracruz inform\u00f3 que, en zonas rurales de 15 nuevos municipios del estado, se aplicar\u00e1 la vacuna contra el Covid-19 a los adultos mayores de 60 a\u00f1os de edad.<\/p>\n\n\n\n<p>A trav\u00e9s de un comunicado, indic\u00f3 que se trata de\u00a0cabeceras y comunidades rurales en el sur, centro y norte, con id\u00e9ntica estrategia de inmunizar primero a la poblaci\u00f3n vulnerable de zonas de la periferia y gradualmente a los que habitan en las grandes urbes.<\/p>\n\n\n\n<p>Los nuevos m\u00f3dulos de vacunaci\u00f3n se localizar\u00e1n en los municipios de Ixhuatl\u00e1n del Sureste, en la cabecera municipal; en Moloac\u00e1n, cabecera municipal y localidades Trancas Viejas, Tlacuilolapan, Nuevo Teapa, Moloac\u00e1n y Cuichapa; en Ixhuatl\u00e1n del Caf\u00e9, en las localidades de Presidio, Ocotitl\u00e1n y Tlamatoca Potrerillo; en Zaragoza, cabecera municipal, y en Sochiapa, la cabecera municipal.<\/p>\n\n\n\n<p>En Alpatl\u00e1huac ser\u00e1 en la cabecera municipal y la localidad de Ayahualulco; en Tempoal, en la localidad de Potrero Horc\u00f3n; en Colipa, cabecera municipal; en Tihuatl\u00e1n, cabecera municipal; en Chiconamel, cabecera municipal; en Cazones de Herrera, en la cabecera municipal y las localidades de Cabellal No. 1, Manlio Fabio Altamirano, Barra de Cazones, Plan de Lim\u00f3n, la Uni\u00f3n Km. 3 y La Encantada.<\/p>\n\n\n\n<p>Fuente: Xeu Noticias<\/p>\n","protected":false},"excerpt":{"rendered":"<p>La Delegaci\u00f3n\u00a0de Programas para el Desarrollo en Veracruz inform\u00f3 que, en zonas rurales de 15 nuevos municipios del estado, se aplicar\u00e1 la vacuna contra el Covid-19 a los adultos mayores de 60 a\u00f1os de edad. A trav\u00e9s de un comunicado, indic\u00f3 que se trata de\u00a0cabeceras y comunidades rurales en el sur, centro y norte, con<a class=\"read-more\" href=\"https:\/\/globalnewsmexico.com\/sitio\/estos-son-los-nuevos-15-municipios-de-veracruz-donde-aplicaran-la-vacuna-contra-el-covid-19\/\">Leer m\u00e1s<\/a><\/p>\n","protected":false},"author":5,"featured_media":61961,"comment_status":"closed","ping_status":"open","sticky":false,"template":"","format":"standard","meta":{"spay_email":"","footnotes":""},"categories":[37,8,50,52],"tags":[],"jetpack_featured_media_url":"https:\/\/i2.wp.com\/globalnewsmexico.com\/sitio\/wp-content\/uploads\/2021\/02\/5a7be0ac-b37b-4009-9780-8cb6ce41af74.jpg?fit=1024%2C683&ssl=1","jetpack_sharing_enabled":true,"jetpack_shortlink":"https:\/\/wp.me\/p9yqPL-g7m","jetpack_likes_enabled":true,"_links":{"self":[{"href":"https:\/\/globalnewsmexico.com\/sitio\/wp-json\/wp\/v2\/posts\/61960"}],"collection":[{"href":"https:\/\/globalnewsmexico.com\/sitio\/wp-json\/wp\/v2\/posts"}],"about":[{"href":"https:\/\/globalnewsmexico.com\/sitio\/wp-json\/wp\/v2\/types\/post"}],"author":[{"embeddable":true,"href":"https:\/\/globalnewsmexico.com\/sitio\/wp-json\/wp\/v2\/users\/5"}],"replies":[{"embeddable":true,"href":"https:\/\/globalnewsmexico.com\/sitio\/wp-json\/wp\/v2\/comments?post=61960"}],"version-history":[{"count":0,"href":"https:\/\/globalnewsmexico.com\/sitio\/wp-json\/wp\/v2\/posts\/61960\/revisions"}],"wp:featuredmedia":[{"embeddable":true,"href":"https:\/\/globalnewsmexico.com\/sitio\/wp-json\/wp\/v2\/media\/61961"}],"wp:attachment":[{"href":"https:\/\/globalnewsmexico.com\/sitio\/wp-json\/wp\/v2\/media?parent=61960"}],"wp:term":[{"taxonomy":"category","embeddable":true,"href":"https:\/\/globalnewsmexico.com\/sitio\/wp-json\/wp\/v2\/categories?post=61960"},{"taxonomy":"post_tag","embeddable":true,"href":"https:\/\/globalnewsmexico.com\/sitio\/wp-json\/wp\/v2\/tags?post=61960"}],"curies":[{"name":"wp","href":"https:\/\/api.w.org\/{rel}","templated":true}]}}