{"id":61974,"date":"2021-02-22T19:53:51","date_gmt":"2021-02-23T01:53:51","guid":{"rendered":"http:\/\/globalnewsmexico.com\/sitio\/?p=61974"},"modified":"2021-02-22T19:53:58","modified_gmt":"2021-02-23T01:53:58","slug":"coordinaran-acciones-gobierno-federal-y-estatal-con-ayuntamiento-de-cordoba-para-vacunar-adultos-mayores","status":"publish","type":"post","link":"https:\/\/globalnewsmexico.com\/sitio\/coordinaran-acciones-gobierno-federal-y-estatal-con-ayuntamiento-de-cordoba-para-vacunar-adultos-mayores\/","title":{"rendered":"Coordinar\u00e1n acciones Gobierno federal y estatal con Ayuntamiento de C\u00f3rdoba para vacunar adultos mayores"},"content":{"rendered":"\n<p>Para lograr que m\u00e1s de 28 mil adultos mayores de 60 a\u00f1os de C\u00f3rdoba sean vacunados contra el SARS-CoV-2, autoridades municipales, estatales y federales trabajar\u00e1n de manera coordinada para procurar la cobertura en aplicaci\u00f3n de las dosis.<\/p>\n\n\n\n<p>De conformidad con informaci\u00f3n de la Secretar\u00eda de Bienestar, se podr\u00edan instalar hasta 10 sitios de vacunaci\u00f3n para cubrir de manera eficaz y cercana las comunidades rurales y la zona urbana del municipio.<\/p>\n\n\n\n<p>Autoridades del Ayuntamiento de C\u00f3rdoba refrendaron el compromiso de apoyar con los aspectos log\u00edsticos para lograr una cobertura pronta y eficiente de las jornadas de vacunaci\u00f3n, as\u00ed como para procurar la aplicaci\u00f3n de los protocolos sanitarios que procuren tanto la salud de los brigadistas como de las personas que recibir\u00e1n las dosis.<\/p>\n\n\n\n<p>Personal del Gobierno municipal adelant\u00f3 que la administraci\u00f3n de Leticia L\u00f3pez Landero se coordinar\u00e1 y brindar\u00e1 el apoyo necesario, para que las instancias correspondientes cumplan con lo dispuesto en el esquema nacional de vacunaci\u00f3n.<\/p>\n\n\n\n<p>En el municipio de C\u00f3rdoba, alrededor de 28 mil 917 adultos mayores de 60 a\u00f1os recibir\u00e1n la primera dosis de la inmunizaci\u00f3n en los siguientes d\u00edas.<\/p>\n","protected":false},"excerpt":{"rendered":"<p>Para lograr que m\u00e1s de 28 mil adultos mayores de 60 a\u00f1os de C\u00f3rdoba sean vacunados contra el SARS-CoV-2, autoridades municipales, estatales y federales trabajar\u00e1n de manera coordinada para procurar la cobertura en aplicaci\u00f3n de las dosis. De conformidad con informaci\u00f3n de la Secretar\u00eda de Bienestar, se podr\u00edan instalar hasta 10 sitios de vacunaci\u00f3n para<a class=\"read-more\" href=\"https:\/\/globalnewsmexico.com\/sitio\/coordinaran-acciones-gobierno-federal-y-estatal-con-ayuntamiento-de-cordoba-para-vacunar-adultos-mayores\/\">Leer m\u00e1s<\/a><\/p>\n","protected":false},"author":5,"featured_media":61975,"comment_status":"closed","ping_status":"open","sticky":false,"template":"","format":"standard","meta":{"spay_email":"","footnotes":""},"categories":[37,8,50,52],"tags":[],"jetpack_featured_media_url":"https:\/\/i1.wp.com\/globalnewsmexico.com\/sitio\/wp-content\/uploads\/2021\/02\/4e88d725-1cd0-4bf1-bf23-c74c2beea875.jpg?fit=1024%2C682&ssl=1","jetpack_sharing_enabled":true,"jetpack_shortlink":"https:\/\/wp.me\/p9yqPL-g7A","jetpack_likes_enabled":true,"_links":{"self":[{"href":"https:\/\/globalnewsmexico.com\/sitio\/wp-json\/wp\/v2\/posts\/61974"}],"collection":[{"href":"https:\/\/globalnewsmexico.com\/sitio\/wp-json\/wp\/v2\/posts"}],"about":[{"href":"https:\/\/globalnewsmexico.com\/sitio\/wp-json\/wp\/v2\/types\/post"}],"author":[{"embeddable":true,"href":"https:\/\/globalnewsmexico.com\/sitio\/wp-json\/wp\/v2\/users\/5"}],"replies":[{"embeddable":true,"href":"https:\/\/globalnewsmexico.com\/sitio\/wp-json\/wp\/v2\/comments?post=61974"}],"version-history":[{"count":0,"href":"https:\/\/globalnewsmexico.com\/sitio\/wp-json\/wp\/v2\/posts\/61974\/revisions"}],"wp:featuredmedia":[{"embeddable":true,"href":"https:\/\/globalnewsmexico.com\/sitio\/wp-json\/wp\/v2\/media\/61975"}],"wp:attachment":[{"href":"https:\/\/globalnewsmexico.com\/sitio\/wp-json\/wp\/v2\/media?parent=61974"}],"wp:term":[{"taxonomy":"category","embeddable":true,"href":"https:\/\/globalnewsmexico.com\/sitio\/wp-json\/wp\/v2\/categories?post=61974"},{"taxonomy":"post_tag","embeddable":true,"href":"https:\/\/globalnewsmexico.com\/sitio\/wp-json\/wp\/v2\/tags?post=61974"}],"curies":[{"name":"wp","href":"https:\/\/api.w.org\/{rel}","templated":true}]}}