{"id":61978,"date":"2021-02-22T20:41:24","date_gmt":"2021-02-23T02:41:24","guid":{"rendered":"http:\/\/globalnewsmexico.com\/sitio\/?p=61978"},"modified":"2021-02-22T20:41:28","modified_gmt":"2021-02-23T02:41:28","slug":"lopez-gatell-tuvo-un-poco-de-fiebre-por-covid-informa-salud","status":"publish","type":"post","link":"https:\/\/globalnewsmexico.com\/sitio\/lopez-gatell-tuvo-un-poco-de-fiebre-por-covid-informa-salud\/","title":{"rendered":"L\u00f3pez-Gatell tuvo un poco de fiebre por Covid, informa Salud"},"content":{"rendered":"\n<p>Luego de haber dado positivo a\u00a0Covid-19, el subsecretario de Prevenci\u00f3n y Promoci\u00f3n de la Salud,\u00a0Hugo L\u00f3pez-Gatell, ha presentado un poco de fiebre.<\/p>\n\n\n\n<p>En conferencia, el director general de Promoci\u00f3n de la salud,\u00a0Ricardo Cort\u00e9s, inform\u00f3 que el subsecretario tiene un cuadro leve de Covid \u201ccon muy poca fiebre, no es constante, est\u00e1 controlado y tiene buena saturaci\u00f3n (de ox\u00edgeno)\u201d.<\/p>\n\n\n\n<p>Sin embargo, asegur\u00f3 que L\u00f3pez-Gatell ha dado seguimiento a la atenci\u00f3n de la epidemia y de la campa\u00f1a de vacunaci\u00f3n contra la pandemia.<\/p>\n\n\n\n<p>\u201cNo ha dejado de estar pendiente del an\u00e1lisis epidemiol\u00f3gico y la estrategia operativa de la pol\u00edtica nacional de vacunaci\u00f3n contra el virus SARS-CoV-2\u201d, a\u00f1adi\u00f3\u00a0Ricardo Cort\u00e9s.<\/p>\n\n\n\n<p>Desde Palacio Nacional, el director general confi\u00f3 en que el subsecretario cursar\u00e1 con una enfermedad leve durante los 14 d\u00edas que deber\u00e1 estar aislado.<\/p>\n\n\n\n<p>El s\u00e1bado 20 de febrero, el subsecretario Hugo L\u00f3pez-Gatell inform\u00f3 en sus redes sociales que\u00a0dio positivo a Covid-19.<\/p>\n\n\n\n<p>El servidor p\u00fablico indic\u00f3 que hab\u00eda empezado con s\u00edntomas la noche del viernes 19 y se realiz\u00f3 una prueba de ant\u00edgenos, que dio resultado positivo. Tambi\u00e9n se realiz\u00f3 una prueba\u00a0PCR, de la cual esperaba el resultado.<\/p>\n\n\n\n<p>Luego de este caso, el director general de Epidemiolog\u00eda,\u00a0Jos\u00e9 Luis Alom\u00eda, ha aparecido de manera virtual en las conferencias de Covid del s\u00e1bado 20 y domingo 21 de febrero.<\/p>\n\n\n\n<p>Fuente: El Heraldo de M\u00e9xico<\/p>\n","protected":false},"excerpt":{"rendered":"<p>Luego de haber dado positivo a\u00a0Covid-19, el subsecretario de Prevenci\u00f3n y Promoci\u00f3n de la Salud,\u00a0Hugo L\u00f3pez-Gatell, ha presentado un poco de fiebre. En conferencia, el director general de Promoci\u00f3n de la salud,\u00a0Ricardo Cort\u00e9s, inform\u00f3 que el subsecretario tiene un cuadro leve de Covid \u201ccon muy poca fiebre, no es constante, est\u00e1 controlado y tiene buena<a class=\"read-more\" href=\"https:\/\/globalnewsmexico.com\/sitio\/lopez-gatell-tuvo-un-poco-de-fiebre-por-covid-informa-salud\/\">Leer m\u00e1s<\/a><\/p>\n","protected":false},"author":5,"featured_media":61979,"comment_status":"closed","ping_status":"open","sticky":false,"template":"","format":"standard","meta":{"spay_email":"","footnotes":""},"categories":[37,8,39,52],"tags":[],"jetpack_featured_media_url":"https:\/\/i0.wp.com\/globalnewsmexico.com\/sitio\/wp-content\/uploads\/2021\/02\/f925x521-325042_393906_5050.jpg?fit=1024%2C577&ssl=1","jetpack_sharing_enabled":true,"jetpack_shortlink":"https:\/\/wp.me\/p9yqPL-g7E","jetpack_likes_enabled":true,"_links":{"self":[{"href":"https:\/\/globalnewsmexico.com\/sitio\/wp-json\/wp\/v2\/posts\/61978"}],"collection":[{"href":"https:\/\/globalnewsmexico.com\/sitio\/wp-json\/wp\/v2\/posts"}],"about":[{"href":"https:\/\/globalnewsmexico.com\/sitio\/wp-json\/wp\/v2\/types\/post"}],"author":[{"embeddable":true,"href":"https:\/\/globalnewsmexico.com\/sitio\/wp-json\/wp\/v2\/users\/5"}],"replies":[{"embeddable":true,"href":"https:\/\/globalnewsmexico.com\/sitio\/wp-json\/wp\/v2\/comments?post=61978"}],"version-history":[{"count":0,"href":"https:\/\/globalnewsmexico.com\/sitio\/wp-json\/wp\/v2\/posts\/61978\/revisions"}],"wp:featuredmedia":[{"embeddable":true,"href":"https:\/\/globalnewsmexico.com\/sitio\/wp-json\/wp\/v2\/media\/61979"}],"wp:attachment":[{"href":"https:\/\/globalnewsmexico.com\/sitio\/wp-json\/wp\/v2\/media?parent=61978"}],"wp:term":[{"taxonomy":"category","embeddable":true,"href":"https:\/\/globalnewsmexico.com\/sitio\/wp-json\/wp\/v2\/categories?post=61978"},{"taxonomy":"post_tag","embeddable":true,"href":"https:\/\/globalnewsmexico.com\/sitio\/wp-json\/wp\/v2\/tags?post=61978"}],"curies":[{"name":"wp","href":"https:\/\/api.w.org\/{rel}","templated":true}]}}