{"id":62077,"date":"2021-02-24T12:50:55","date_gmt":"2021-02-24T18:50:55","guid":{"rendered":"http:\/\/globalnewsmexico.com\/sitio\/?p=62077"},"modified":"2021-02-24T12:51:02","modified_gmt":"2021-02-24T18:51:02","slug":"impartiran-lenguaje-de-senas-y-braille-en-escuelas-publicas","status":"publish","type":"post","link":"https:\/\/globalnewsmexico.com\/sitio\/impartiran-lenguaje-de-senas-y-braille-en-escuelas-publicas\/","title":{"rendered":"Impartir\u00e1n Lenguaje de Se\u00f1as y Braille en escuelas p\u00fablicas"},"content":{"rendered":"\n<p>El senador\u00a0Ricardo Monreal\u00a0presentar\u00e1 una iniciativa que\u00a0incluir\u00e1 la ense\u00f1anza de la Lengua de Se\u00f1as Mexicana (LSM) y del Sistema Braille en los planes y programas de estudio.<\/p>\n\n\n\n<p>El coordinador de Morena en el Senado impulsar\u00e1 un proyecto para reformar\u00a0la Ley General de Educaci\u00f3n\u00a0en la sesi\u00f3n del 25 de febrero, a fin de generar\u00a0entornos educativos inclusivos\u00a0y de respeto, en los que se facilite el aprendizaje, la comunicaci\u00f3n, as\u00ed como la participaci\u00f3n de los estudiantes.<\/p>\n\n\n\n<p>Se trata de incluir, en la formaci\u00f3n de los mexicanos, la comprensi\u00f3n de la\u00a0Lengua de Se\u00f1as Mexicanas y del Sistema Braille, as\u00ed como su aprendizaje en los contenidos de los planes y programas de estudio de la educaci\u00f3n que imparta el Estado.<\/p>\n\n\n\n<p>As\u00ed, las autoridades educativas deber\u00e1n promover, entre todos los integrantes de la comunidad educativa, el conocimiento de estos sistemas de comunicaci\u00f3n, a trav\u00e9s de programas para la formaci\u00f3n, actualizaci\u00f3n y capacitaci\u00f3n del personal que ejerza funciones docentes, directivos o de supervisi\u00f3n.<\/p>\n\n\n\n<p>Ricardo Monreal argument\u00f3 que\u00a0la LSM es utilizada por personas con alguna discapacidad auditiva y, como todo lenguaje, posee su propia gram\u00e1tica y est\u00e1 compuesta por s\u00edmbolos manuales.<\/p>\n\n\n\n<p>El sistema Braille, en tanto, ha permitido que personas con discapacidad visual puedan aprender y expresarse a trav\u00e9s de un sistema de puntos de relieve\u00a0que, con el tacto de la yema de los dedos, permiten conocer las letras, signos, notas musicales, entre otras cosas.<\/p>\n\n\n\n<p>Fuente: Exc\u00e9lsior<\/p>\n","protected":false},"excerpt":{"rendered":"<p>El senador\u00a0Ricardo Monreal\u00a0presentar\u00e1 una iniciativa que\u00a0incluir\u00e1 la ense\u00f1anza de la Lengua de Se\u00f1as Mexicana (LSM) y del Sistema Braille en los planes y programas de estudio. El coordinador de Morena en el Senado impulsar\u00e1 un proyecto para reformar\u00a0la Ley General de Educaci\u00f3n\u00a0en la sesi\u00f3n del 25 de febrero, a fin de generar\u00a0entornos educativos inclusivos\u00a0y de<a class=\"read-more\" href=\"https:\/\/globalnewsmexico.com\/sitio\/impartiran-lenguaje-de-senas-y-braille-en-escuelas-publicas\/\">Leer m\u00e1s<\/a><\/p>\n","protected":false},"author":5,"featured_media":62078,"comment_status":"closed","ping_status":"open","sticky":false,"template":"","format":"standard","meta":{"spay_email":"","footnotes":""},"categories":[37,8,49,52],"tags":[],"jetpack_featured_media_url":"https:\/\/i2.wp.com\/globalnewsmexico.com\/sitio\/wp-content\/uploads\/2021\/02\/2535083.jpg?fit=1024%2C768&ssl=1","jetpack_sharing_enabled":true,"jetpack_shortlink":"https:\/\/wp.me\/p9yqPL-g9f","jetpack_likes_enabled":true,"_links":{"self":[{"href":"https:\/\/globalnewsmexico.com\/sitio\/wp-json\/wp\/v2\/posts\/62077"}],"collection":[{"href":"https:\/\/globalnewsmexico.com\/sitio\/wp-json\/wp\/v2\/posts"}],"about":[{"href":"https:\/\/globalnewsmexico.com\/sitio\/wp-json\/wp\/v2\/types\/post"}],"author":[{"embeddable":true,"href":"https:\/\/globalnewsmexico.com\/sitio\/wp-json\/wp\/v2\/users\/5"}],"replies":[{"embeddable":true,"href":"https:\/\/globalnewsmexico.com\/sitio\/wp-json\/wp\/v2\/comments?post=62077"}],"version-history":[{"count":0,"href":"https:\/\/globalnewsmexico.com\/sitio\/wp-json\/wp\/v2\/posts\/62077\/revisions"}],"wp:featuredmedia":[{"embeddable":true,"href":"https:\/\/globalnewsmexico.com\/sitio\/wp-json\/wp\/v2\/media\/62078"}],"wp:attachment":[{"href":"https:\/\/globalnewsmexico.com\/sitio\/wp-json\/wp\/v2\/media?parent=62077"}],"wp:term":[{"taxonomy":"category","embeddable":true,"href":"https:\/\/globalnewsmexico.com\/sitio\/wp-json\/wp\/v2\/categories?post=62077"},{"taxonomy":"post_tag","embeddable":true,"href":"https:\/\/globalnewsmexico.com\/sitio\/wp-json\/wp\/v2\/tags?post=62077"}],"curies":[{"name":"wp","href":"https:\/\/api.w.org\/{rel}","templated":true}]}}