{"id":62080,"date":"2021-02-24T13:07:05","date_gmt":"2021-02-24T19:07:05","guid":{"rendered":"http:\/\/globalnewsmexico.com\/sitio\/?p=62080"},"modified":"2021-02-24T13:07:10","modified_gmt":"2021-02-24T19:07:10","slug":"francia-prende-alertas-por-covid-la-situacion-se-esta-degradando","status":"publish","type":"post","link":"https:\/\/globalnewsmexico.com\/sitio\/francia-prende-alertas-por-covid-la-situacion-se-esta-degradando\/","title":{"rendered":"Francia prende alertas por covid: \u00abla situaci\u00f3n se est\u00e1 degradando\u00bb"},"content":{"rendered":"\n<p>La\u00a0situaci\u00f3n\u00a0en la\u00a0lucha\u00a0contra el\u00a0coronavirus\u00a0en\u00a0Francia\u00a0\u00abse est\u00e1\u00a0degradando\u00bb y \u00abes\u00a0muy preocupante\u00a0en una\u00a0decena de departamentos\u00bb, declar\u00f3 este mi\u00e9rcoles el portavoz del Gobierno franc\u00e9s, Gabriel Attal.<\/p>\n\n\n\n<p>La situaci\u00f3n en algunos departamentos, sobre todo en el norte del pa\u00eds, pero tambi\u00e9n en la regi\u00f3n parisina, inquieta a las autoridades.<\/p>\n\n\n\n<p>Esta\u00a0situaci\u00f3n\u00a0\u00abimpone\u00a0medidas r\u00e1pidas\u00a0y\u00a0fuertes\u00bb, a\u00f1adi\u00f3 Attal tras una\u00a0reuni\u00f3n de gabinete\u00a0y se\u00f1al\u00f3 que el\u00a0primer ministro,\u00a0Jean Castex, dar\u00e1 una\u00a0conferencia de prensa\u00a0el jueves.<\/p>\n\n\n\n<p>El ministro de Salud, Olivier V\u00e9ran, tiene previsto acudir este mi\u00e9rcoles por la tarde a la ciudad de Dunkerque (norte), donde el n\u00famero de contagios con la nueva cepa detectada en Reino Unido ha estallado.<\/p>\n\n\n\n<p>Las autoridades locales alertan desde mediados de mes de un aumento de casos en esta ciudad costera, ubicada frente a Reino Unido y cerca de la frontera belga.<\/p>\n\n\n\n<p>No se descarta que las autoridades impongan un confinamiento parcial en los departamentos m\u00e1s afectados, como se decidi\u00f3 la semana pasada en los Alpes Mar\u00edtimos, en la Costa Azul, donde los habitantes deber\u00e1n encerrarse los fines de semana durante dos semanas.<\/p>\n\n\n\n<p>M\u00e1s de 85 mil personas han muerto debido al coronavirus en Francia, uno de los pa\u00edses de Europa m\u00e1s golpeados por la pandemia.<\/p>\n\n\n\n<p>Fuente: Agencias<\/p>\n","protected":false},"excerpt":{"rendered":"<p>La\u00a0situaci\u00f3n\u00a0en la\u00a0lucha\u00a0contra el\u00a0coronavirus\u00a0en\u00a0Francia\u00a0\u00abse est\u00e1\u00a0degradando\u00bb y \u00abes\u00a0muy preocupante\u00a0en una\u00a0decena de departamentos\u00bb, declar\u00f3 este mi\u00e9rcoles el portavoz del Gobierno franc\u00e9s, Gabriel Attal. La situaci\u00f3n en algunos departamentos, sobre todo en el norte del pa\u00eds, pero tambi\u00e9n en la regi\u00f3n parisina, inquieta a las autoridades. Esta\u00a0situaci\u00f3n\u00a0\u00abimpone\u00a0medidas r\u00e1pidas\u00a0y\u00a0fuertes\u00bb, a\u00f1adi\u00f3 Attal tras una\u00a0reuni\u00f3n de gabinete\u00a0y se\u00f1al\u00f3 que el\u00a0primer ministro,\u00a0Jean Castex,<a class=\"read-more\" href=\"https:\/\/globalnewsmexico.com\/sitio\/francia-prende-alertas-por-covid-la-situacion-se-esta-degradando\/\">Leer m\u00e1s<\/a><\/p>\n","protected":false},"author":5,"featured_media":62081,"comment_status":"closed","ping_status":"open","sticky":false,"template":"","format":"standard","meta":{"spay_email":"","footnotes":""},"categories":[37,8,48,52],"tags":[],"jetpack_featured_media_url":"https:\/\/i2.wp.com\/globalnewsmexico.com\/sitio\/wp-content\/uploads\/2021\/02\/2534990.jpg?fit=1024%2C768&ssl=1","jetpack_sharing_enabled":true,"jetpack_shortlink":"https:\/\/wp.me\/p9yqPL-g9i","jetpack_likes_enabled":true,"_links":{"self":[{"href":"https:\/\/globalnewsmexico.com\/sitio\/wp-json\/wp\/v2\/posts\/62080"}],"collection":[{"href":"https:\/\/globalnewsmexico.com\/sitio\/wp-json\/wp\/v2\/posts"}],"about":[{"href":"https:\/\/globalnewsmexico.com\/sitio\/wp-json\/wp\/v2\/types\/post"}],"author":[{"embeddable":true,"href":"https:\/\/globalnewsmexico.com\/sitio\/wp-json\/wp\/v2\/users\/5"}],"replies":[{"embeddable":true,"href":"https:\/\/globalnewsmexico.com\/sitio\/wp-json\/wp\/v2\/comments?post=62080"}],"version-history":[{"count":0,"href":"https:\/\/globalnewsmexico.com\/sitio\/wp-json\/wp\/v2\/posts\/62080\/revisions"}],"wp:featuredmedia":[{"embeddable":true,"href":"https:\/\/globalnewsmexico.com\/sitio\/wp-json\/wp\/v2\/media\/62081"}],"wp:attachment":[{"href":"https:\/\/globalnewsmexico.com\/sitio\/wp-json\/wp\/v2\/media?parent=62080"}],"wp:term":[{"taxonomy":"category","embeddable":true,"href":"https:\/\/globalnewsmexico.com\/sitio\/wp-json\/wp\/v2\/categories?post=62080"},{"taxonomy":"post_tag","embeddable":true,"href":"https:\/\/globalnewsmexico.com\/sitio\/wp-json\/wp\/v2\/tags?post=62080"}],"curies":[{"name":"wp","href":"https:\/\/api.w.org\/{rel}","templated":true}]}}