{"id":62095,"date":"2021-02-24T15:36:17","date_gmt":"2021-02-24T21:36:17","guid":{"rendered":"http:\/\/globalnewsmexico.com\/sitio\/?p=62095"},"modified":"2021-02-24T15:36:21","modified_gmt":"2021-02-24T21:36:21","slug":"cabeza-de-vaca-acusa-que-denuncias-en-su-contra-vienen-desde-palacio-nacional","status":"publish","type":"post","link":"https:\/\/globalnewsmexico.com\/sitio\/cabeza-de-vaca-acusa-que-denuncias-en-su-contra-vienen-desde-palacio-nacional\/","title":{"rendered":"Cabeza de Vaca acusa que denuncias en su contra vienen desde Palacio Nacional"},"content":{"rendered":"\n<p>El gobernador de Tamaulipas,\u00a0Francisco Javier Garc\u00eda Cabeza de Vaca, pidi\u00f3 que se le proporcionen los documentos sobre la\u00a0solicitud de desafuero de la Fiscal\u00eda General de la Rep\u00fablica (FGR)\u00a0y acus\u00f3 que se trata \u00abde una\u00a0persecuci\u00f3n pol\u00edtica directamente desde Palacio Nacional\u00bb.\u00a0<\/p>\n\n\n\n<p>Esta tarde acudi\u00f3 a la\u00a0C\u00e1mara de Diputados\u00a0para\u00a0pedir una copia de la solicitud de procedencia en su contra y a presentar su inconformidad a la secretaria general de la C\u00e1mara de Diputados, Graciela Ba\u00e9z, por violar la ley y el debido proceso, al filtrar la denuncia al coordinador parlamentario de Morena, Ignacio Mier, para utilizarla de manera medi\u00e1tica.<\/p>\n\n\n\n<p>\u00abHe pedido que me den una copia de esa supuesta denuncia de la que ellos hacen referencia, misma que me dicen que ni siquiera cuentan con ella, que probablemente este fin de semana tendr\u00e1n acceso a esos documentos.\u00a0Yo quiero ser muy claro, estas\u00a0denuncias que hoy se est\u00e1n presentando a la C\u00e1mara de Diputados no son producto de la casualidad, son producto de una persecuci\u00f3n pol\u00edtica dadas directamente de Palacio Nacional\u00bb.\u00a0<\/p>\n\n\n\n<p>Asegur\u00f3 que se defender\u00e1 y aclarar\u00e1 la situaci\u00f3n; sin embargo, dijo que \u00abtambi\u00e9n me van a se\u00f1alar un delito, probablemente sea el no haberme sometido a este gobierno federal, un gobierno que ha querido inmiscuirse en las acciones de Tamaulipas\u00bb.<\/p>\n\n\n\n<p>Acompa\u00f1ado por el coordinador de los diputados federales del PAN, Juan Carlos Romero Hicks, y legisladores tamaulipecos, el mandatario estatal indic\u00f3 que los funcionarios del gobierno federal seguramente est\u00e1n muy molestos con \u00e9l por exhibir los documentos ap\u00f3crifos de la\u00a0Comisi\u00f3n Federal de Electricidad (CFE)\u00a0sobre las causas del apag\u00f3n de diciembre, as\u00ed como por ser uno de los\u00a0fundadores de la Alianza Federalista\u00a0que han alzado la voz contra el Ejecutivo y por defender una de las vocaciones en materia de generaci\u00f3n de energ\u00edas limpias.<\/p>\n\n\n\n<p>Advirti\u00f3 que, ante las imputaciones que le hace la FGR por delincuencia organizada, \u00ablavado\u00bb de dinero y defraudaci\u00f3n fiscal, \u00e9l defender\u00e1 su honra y la de su familia.&nbsp;<\/p>\n\n\n\n<p>Despu\u00e9s de ofrecer un mensaje a los representantes de los medios de comunicaci\u00f3n, el gobernador tamaulipeco se neg\u00f3 a responder preguntas y sali\u00f3 atropelladamente del Palacio de San L\u00e1zaro, custodiado por sus guardaespaldas y el personal de seguridad de la C\u00e1mara de Diputados.<\/p>\n\n\n\n<p>Fuente: Milenio<\/p>\n","protected":false},"excerpt":{"rendered":"<p>El gobernador de Tamaulipas,\u00a0Francisco Javier Garc\u00eda Cabeza de Vaca, pidi\u00f3 que se le proporcionen los documentos sobre la\u00a0solicitud de desafuero de la Fiscal\u00eda General de la Rep\u00fablica (FGR)\u00a0y acus\u00f3 que se trata \u00abde una\u00a0persecuci\u00f3n pol\u00edtica directamente desde Palacio Nacional\u00bb.\u00a0 Esta tarde acudi\u00f3 a la\u00a0C\u00e1mara de Diputados\u00a0para\u00a0pedir una copia de la solicitud de procedencia en su<a class=\"read-more\" href=\"https:\/\/globalnewsmexico.com\/sitio\/cabeza-de-vaca-acusa-que-denuncias-en-su-contra-vienen-desde-palacio-nacional\/\">Leer m\u00e1s<\/a><\/p>\n","protected":false},"author":5,"featured_media":62097,"comment_status":"closed","ping_status":"open","sticky":false,"template":"","format":"standard","meta":{"spay_email":"","footnotes":""},"categories":[37,8,40,52],"tags":[],"jetpack_featured_media_url":"https:\/\/i1.wp.com\/globalnewsmexico.com\/sitio\/wp-content\/uploads\/2021\/02\/gobernador-cabeza-de-vaca.jpg?fit=958%2C596&ssl=1","jetpack_sharing_enabled":true,"jetpack_shortlink":"https:\/\/wp.me\/p9yqPL-g9x","jetpack_likes_enabled":true,"_links":{"self":[{"href":"https:\/\/globalnewsmexico.com\/sitio\/wp-json\/wp\/v2\/posts\/62095"}],"collection":[{"href":"https:\/\/globalnewsmexico.com\/sitio\/wp-json\/wp\/v2\/posts"}],"about":[{"href":"https:\/\/globalnewsmexico.com\/sitio\/wp-json\/wp\/v2\/types\/post"}],"author":[{"embeddable":true,"href":"https:\/\/globalnewsmexico.com\/sitio\/wp-json\/wp\/v2\/users\/5"}],"replies":[{"embeddable":true,"href":"https:\/\/globalnewsmexico.com\/sitio\/wp-json\/wp\/v2\/comments?post=62095"}],"version-history":[{"count":0,"href":"https:\/\/globalnewsmexico.com\/sitio\/wp-json\/wp\/v2\/posts\/62095\/revisions"}],"wp:featuredmedia":[{"embeddable":true,"href":"https:\/\/globalnewsmexico.com\/sitio\/wp-json\/wp\/v2\/media\/62097"}],"wp:attachment":[{"href":"https:\/\/globalnewsmexico.com\/sitio\/wp-json\/wp\/v2\/media?parent=62095"}],"wp:term":[{"taxonomy":"category","embeddable":true,"href":"https:\/\/globalnewsmexico.com\/sitio\/wp-json\/wp\/v2\/categories?post=62095"},{"taxonomy":"post_tag","embeddable":true,"href":"https:\/\/globalnewsmexico.com\/sitio\/wp-json\/wp\/v2\/tags?post=62095"}],"curies":[{"name":"wp","href":"https:\/\/api.w.org\/{rel}","templated":true}]}}