{"id":62111,"date":"2021-02-24T20:47:54","date_gmt":"2021-02-25T02:47:54","guid":{"rendered":"http:\/\/globalnewsmexico.com\/sitio\/?p=62111"},"modified":"2021-02-24T20:48:02","modified_gmt":"2021-02-25T02:48:02","slug":"lopez-gatell-recibe-oxigenacion-suplementaria-por-covid-19","status":"publish","type":"post","link":"https:\/\/globalnewsmexico.com\/sitio\/lopez-gatell-recibe-oxigenacion-suplementaria-por-covid-19\/","title":{"rendered":"L\u00f3pez-Gatell recibe oxigenaci\u00f3n suplementaria por Covid-19"},"content":{"rendered":"\n<p>El subsecretario de Prevenci\u00f3n y Promoci\u00f3n de la Salud, Hugo L\u00f3pez-Gatell, est\u00e1 recibiendo oxigenaci\u00f3n suplementaria tras contagiarse de Covid-19, inform\u00f3 Ricardo Cort\u00e9s Alcal\u00e1, director de Promoci\u00f3n de la Salud.<\/p>\n\n\n\n<p>\u00abPresent\u00f3 una disminuci\u00f3n leve en niveles de oxigenaci\u00f3n y por recomendaci\u00f3n m\u00e9dica est\u00e1 recibiendo oxigenaci\u00f3n suplementaria\u00bb, dijo en conferencia de prensa.<\/p>\n\n\n\n<p>Cabe recordar que el pasado s\u00e1bado 20 de febrero, L\u00f3pez-Gatell inform\u00f3 v\u00eda redes sociales de su contagio por Covid-19.<\/p>\n\n\n\n<p>Fuente: Xeu Noticias<\/p>\n","protected":false},"excerpt":{"rendered":"<p>El subsecretario de Prevenci\u00f3n y Promoci\u00f3n de la Salud, Hugo L\u00f3pez-Gatell, est\u00e1 recibiendo oxigenaci\u00f3n suplementaria tras contagiarse de Covid-19, inform\u00f3 Ricardo Cort\u00e9s Alcal\u00e1, director de Promoci\u00f3n de la Salud. \u00abPresent\u00f3 una disminuci\u00f3n leve en niveles de oxigenaci\u00f3n y por recomendaci\u00f3n m\u00e9dica est\u00e1 recibiendo oxigenaci\u00f3n suplementaria\u00bb, dijo en conferencia de prensa. Cabe recordar que el pasado<a class=\"read-more\" href=\"https:\/\/globalnewsmexico.com\/sitio\/lopez-gatell-recibe-oxigenacion-suplementaria-por-covid-19\/\">Leer m\u00e1s<\/a><\/p>\n","protected":false},"author":5,"featured_media":62112,"comment_status":"closed","ping_status":"open","sticky":false,"template":"","format":"standard","meta":{"spay_email":"","footnotes":""},"categories":[37,8,39,52],"tags":[],"jetpack_featured_media_url":"https:\/\/i1.wp.com\/globalnewsmexico.com\/sitio\/wp-content\/uploads\/2021\/02\/1145846.jpg?fit=1024%2C683&ssl=1","jetpack_sharing_enabled":true,"jetpack_shortlink":"https:\/\/wp.me\/p9yqPL-g9N","jetpack_likes_enabled":true,"_links":{"self":[{"href":"https:\/\/globalnewsmexico.com\/sitio\/wp-json\/wp\/v2\/posts\/62111"}],"collection":[{"href":"https:\/\/globalnewsmexico.com\/sitio\/wp-json\/wp\/v2\/posts"}],"about":[{"href":"https:\/\/globalnewsmexico.com\/sitio\/wp-json\/wp\/v2\/types\/post"}],"author":[{"embeddable":true,"href":"https:\/\/globalnewsmexico.com\/sitio\/wp-json\/wp\/v2\/users\/5"}],"replies":[{"embeddable":true,"href":"https:\/\/globalnewsmexico.com\/sitio\/wp-json\/wp\/v2\/comments?post=62111"}],"version-history":[{"count":0,"href":"https:\/\/globalnewsmexico.com\/sitio\/wp-json\/wp\/v2\/posts\/62111\/revisions"}],"wp:featuredmedia":[{"embeddable":true,"href":"https:\/\/globalnewsmexico.com\/sitio\/wp-json\/wp\/v2\/media\/62112"}],"wp:attachment":[{"href":"https:\/\/globalnewsmexico.com\/sitio\/wp-json\/wp\/v2\/media?parent=62111"}],"wp:term":[{"taxonomy":"category","embeddable":true,"href":"https:\/\/globalnewsmexico.com\/sitio\/wp-json\/wp\/v2\/categories?post=62111"},{"taxonomy":"post_tag","embeddable":true,"href":"https:\/\/globalnewsmexico.com\/sitio\/wp-json\/wp\/v2\/tags?post=62111"}],"curies":[{"name":"wp","href":"https:\/\/api.w.org\/{rel}","templated":true}]}}