{"id":62137,"date":"2021-02-25T12:42:52","date_gmt":"2021-02-25T18:42:52","guid":{"rendered":"http:\/\/globalnewsmexico.com\/sitio\/?p=62137"},"modified":"2021-02-25T12:42:57","modified_gmt":"2021-02-25T18:42:57","slug":"amlo-propone-como-embajadora-a-extitular-de-semarnat-que-retraso-avion-por-ir-tarde","status":"publish","type":"post","link":"https:\/\/globalnewsmexico.com\/sitio\/amlo-propone-como-embajadora-a-extitular-de-semarnat-que-retraso-avion-por-ir-tarde\/","title":{"rendered":"AMLO propone como embajadora a extitular de Semarnat que retras\u00f3 avi\u00f3n por \u201cir tarde\u201d"},"content":{"rendered":"\n<p>El presidente Andr\u00e9s Manuel L\u00f3pez Obrador env\u00edo al Senado para su ratificaci\u00f3n\u00a0el nombramiento de Josefa Gonz\u00e1lez Blanco Ortiz Mena, exsecretaria del Medio Ambiente, como embajadora extraordinaria y plenipotenciaria de M\u00e9xico en el Reino Unido\u00a0de la Gran Breta\u00f1a e Irlanda del Norte, y los organismos internacionales con sede en ese pa\u00eds.<\/p>\n\n\n\n<p>Josefa Gonz\u00e1lez Blanco\u00a0ocup\u00f3 solo cinco meses la Secretar\u00eda del Medio Ambiente\u00a0y Recursos Naturales (Semarnat), pues en mayo de 2019 renunci\u00f3 al cargo luego de que en redes sociales la exhibieran por retrasar 38 minutos un vuelo de Aerom\u00e9xico entre la capital del pa\u00eds y Mexicali, Baja California.<\/p>\n\n\n\n<p>El vuelo fue programado para despegar a las 9:30 horas del viernes 24 de mayo de 2019,\u00a0pero despeg\u00f3 hasta las 10:08 horas por esperar a la entonces funcionaria.<\/p>\n\n\n\n<p>Se dijo en ese momento que la causa del retraso de 38 minutos,\u00a0fue una \u201corden presidencial\u201d que recibi\u00f3 el capit\u00e1n\u00a0para esperar a un \u201cpasajero del Gobierno federal\u201d.\u00a0Despu\u00e9s, trascendi\u00f3 que se trataba de Josefa Gonz\u00e1lez Blanco.<\/p>\n\n\n\n<p>La\u00a0aerol\u00ednea ofreci\u00f3 disculpas por el incidente, pero un d\u00eda despu\u00e9s, Gonz\u00e1lez Blanco se vio obligada a dejar su cargo.\u00a0En su carta de renuncia, Gonz\u00e1lez Blanco expuso que los motivos por los que dejaba el cargo eran que \u201cel verdadero cambio requiere que nadie tenga privilegios\u201d.<\/p>\n\n\n\n<p>\u201cNo hay justificaci\u00f3n. La verdadera transformaci\u00f3n de\u00a0M\u00e9xico\u00a0exige total congruencia con los valores de equidad y justicia.\u00a0Nadie debe tener privilegios. El beneficio de uno, as\u00ed sea para cumplir con sus funciones, no puede estar por encima de la mayor\u00eda\u201d, escribi\u00f3.<\/p>\n\n\n\n<p>La breve gesti\u00f3n de la entonces secretaria del Medio Ambiente\u00a0se vio envuelta por los esc\u00e1ndalos, pues en\u00a0su declaraci\u00f3n 3 de 3, reconoci\u00f3 tener\u00a0tres posibles conflictos de inter\u00e9s\u00a0en los rubros energ\u00e9tico, minero y tur\u00edstico.\u00a0<\/p>\n\n\n\n<p>Gonz\u00e1lez Blanco dijo ser creyente de los\u00a0<em>aluxes<\/em>,\u00a0duendes de la cultura maya, que se cree habitaron el planeta antes que los humanos.<\/p>\n\n\n\n<p>Tambi\u00e9n,\u00a0recibi\u00f3 cr\u00edticas por ausentarse de las crisis ambientales, como la del sargazo en Quintana Roo, la contingencia en el Valle de M\u00e9xico y los incendios forestales que la causaron.<\/p>\n\n\n\n<p>Fuente: Milenio<\/p>\n","protected":false},"excerpt":{"rendered":"<p>El presidente Andr\u00e9s Manuel L\u00f3pez Obrador env\u00edo al Senado para su ratificaci\u00f3n\u00a0el nombramiento de Josefa Gonz\u00e1lez Blanco Ortiz Mena, exsecretaria del Medio Ambiente, como embajadora extraordinaria y plenipotenciaria de M\u00e9xico en el Reino Unido\u00a0de la Gran Breta\u00f1a e Irlanda del Norte, y los organismos internacionales con sede en ese pa\u00eds. Josefa Gonz\u00e1lez Blanco\u00a0ocup\u00f3 solo cinco<a class=\"read-more\" href=\"https:\/\/globalnewsmexico.com\/sitio\/amlo-propone-como-embajadora-a-extitular-de-semarnat-que-retraso-avion-por-ir-tarde\/\">Leer m\u00e1s<\/a><\/p>\n","protected":false},"author":5,"featured_media":62138,"comment_status":"closed","ping_status":"open","sticky":false,"template":"","format":"standard","meta":{"spay_email":"","footnotes":""},"categories":[37,8,39,52],"tags":[],"jetpack_featured_media_url":"https:\/\/i1.wp.com\/globalnewsmexico.com\/sitio\/wp-content\/uploads\/2021\/02\/josefa-gonzalez-blanco-presento-presidente_0_0_1200_746.jpg?fit=958%2C596&ssl=1","jetpack_sharing_enabled":true,"jetpack_shortlink":"https:\/\/wp.me\/p9yqPL-gad","jetpack_likes_enabled":true,"_links":{"self":[{"href":"https:\/\/globalnewsmexico.com\/sitio\/wp-json\/wp\/v2\/posts\/62137"}],"collection":[{"href":"https:\/\/globalnewsmexico.com\/sitio\/wp-json\/wp\/v2\/posts"}],"about":[{"href":"https:\/\/globalnewsmexico.com\/sitio\/wp-json\/wp\/v2\/types\/post"}],"author":[{"embeddable":true,"href":"https:\/\/globalnewsmexico.com\/sitio\/wp-json\/wp\/v2\/users\/5"}],"replies":[{"embeddable":true,"href":"https:\/\/globalnewsmexico.com\/sitio\/wp-json\/wp\/v2\/comments?post=62137"}],"version-history":[{"count":0,"href":"https:\/\/globalnewsmexico.com\/sitio\/wp-json\/wp\/v2\/posts\/62137\/revisions"}],"wp:featuredmedia":[{"embeddable":true,"href":"https:\/\/globalnewsmexico.com\/sitio\/wp-json\/wp\/v2\/media\/62138"}],"wp:attachment":[{"href":"https:\/\/globalnewsmexico.com\/sitio\/wp-json\/wp\/v2\/media?parent=62137"}],"wp:term":[{"taxonomy":"category","embeddable":true,"href":"https:\/\/globalnewsmexico.com\/sitio\/wp-json\/wp\/v2\/categories?post=62137"},{"taxonomy":"post_tag","embeddable":true,"href":"https:\/\/globalnewsmexico.com\/sitio\/wp-json\/wp\/v2\/tags?post=62137"}],"curies":[{"name":"wp","href":"https:\/\/api.w.org\/{rel}","templated":true}]}}